{"id":24665,"date":"2026-01-23T18:56:56","date_gmt":"2026-01-23T18:56:56","guid":{"rendered":"https:\/\/www.peperoldan.com\/blog\/?p=24665"},"modified":"2026-01-26T11:12:03","modified_gmt":"2026-01-26T11:12:03","slug":"21-poemas-y-6-estaciones-ya-disponible","status":"publish","type":"post","link":"https:\/\/www.peperoldan.com\/blog\/21-poemas-y-6-estaciones-ya-disponible\/","title":{"rendered":"21 poemas y 6 estaciones\u00a0 ya disponible"},"content":{"rendered":"\n<h2 class=\"wp-block-heading\">Durante a\u00f1os guard\u00e9 estos textos sin saber muy bien qu\u00e9 hacer con ellos.<\/h2>\n\n\n\n<p>Fueron escritos en la adolescencia, en una etapa en la que uno escribe para entenderse, no para ser le\u00eddo. Con el tiempo, esos poemas y relatos se convirtieron en un archivo personal. Una especie de memoria emocional a la que volv\u00eda de vez en cuando, sin prisa y sin intenci\u00f3n de publicarla.<\/p>\n\n\n\n<p>Hasta ahora. <\/p>\n\n\n\n<p>21 poemas y 6 estaciones nace de una revisi\u00f3n honesta de esos textos. No desde la nostalgia, sino desde la distancia que dan los a\u00f1os. En cambio, no he querido borrar la intensidad original, pero s\u00ed darle forma, orden y contenci\u00f3n. El resultado es un libro que mira al pasado sin quedarse atrapado en \u00e9l.<\/p>\n\n\n\n<p>El libro est\u00e1 estructurado en seis estaciones. Primavera, verano, oto\u00f1o, invierno, esperanza y recuerdo. No son estaciones clim\u00e1ticas. Son estados emocionales. Cada una representa una forma distinta de vivir el amor, la ausencia, el tiempo y la memoria.<\/p>\n\n\n\n<p>Primavera habla de lo que empieza sin ruido. De los comienzos que a\u00fan no saben que lo son. Del amor intuido, de la promesa que todav\u00eda no duele. Es una estaci\u00f3n luminosa, contenida y silenciosa.<\/p>\n\n\n\n<p>Verano es intensidad. Cuerpo. Deseo. Todo ocurre sin medida y sin c\u00e1lculo. Por eso es la estaci\u00f3n en la que se aprende a sentir antes de aprender a cuidar. La emoci\u00f3n domina y el tiempo parece infinito.<\/p>\n\n\n\n<p>Oto\u00f1o marca el primer quiebre. Nada se rompe de golpe. Todo cambia despacio. Aqu\u00ed aparecen la p\u00e9rdida, la casa vac\u00eda, el regreso que ya no es igual. Es la estaci\u00f3n donde la memoria empieza a pesar m\u00e1s que el deseo.<\/p>\n\n\n\n<p>Entre Oto\u00f1o e Invierno el libro se detiene en dos relatos. El saxof\u00f3n que qued\u00f3 sonando y El caf\u00e9 que se enfr\u00eda no son un par\u00e9ntesis, son el n\u00facleo narrativo del libro. Ambos textos exploran la ausencia, el paso del tiempo y la forma en que aprendemos a convivir con lo que no vuelve. Funcionan como una respiraci\u00f3n larga dentro del conjunto po\u00e9tico.<\/p>\n\n\n\n<p>Invierno no es castigo. Es quietud. Silencio. Es aprender a resistir sin ruido y a convivir con uno mismo. El lenguaje se vuelve m\u00e1s austero y contenido.<\/p>\n\n\n\n<p>Esperanza no es optimismo. Es persistencia. Lo que sigue latiendo cuando ya no hay promesas. No niega la herida. La acompa\u00f1a. Es una estaci\u00f3n serena, cotidiana y honesta.<\/p>\n\n\n\n<p>Recuerdo cierra el libro. No como nostalgia, m\u00e1s bien como presencia. Recordar no es volver atr\u00e1s. Es reconocer lo que dej\u00f3 huella y forma parte de lo que somos.<\/p>\n\n\n\n<h3 class=\"wp-block-heading\">21 poemas y 6 estaciones no es un libro de respuestas. No pretende explicar nada ni cerrar etapas de forma artificial. Es un libro para leer despacio, para acompa\u00f1ar momentos y para reconocerse en fragmentos.<\/h3>\n\n\n\n<p>Publicarlo ha sido una forma de ordenar una parte de mi historia y dejarla en su lugar. Tambi\u00e9n de compartirla con quien quiera leerla desde un lugar tranquilo o sin prisa y sin artificio.<\/p>\n\n\n\n<p><a href=\"https:\/\/amzn.eu\/d\/flcYMMh\" target=\"_blank\" rel=\"noreferrer noopener\">El libro ya est\u00e1 disponible en Amazon<\/a>. <\/p>\n\n\n\n<p>Si te interesa la poes\u00eda \u00edntima y los textos que hablan del tiempo o del amor y de la memoria sin dramatismo ni impostura, tal vez encuentres aqu\u00ed algo que te acompa\u00f1e.<\/p>\n\n\n\n<blockquote class=\"wp-block-quote is-layout-flow wp-block-quote-is-layout-flow\">\n<p>A veces escribir, como amar, tambi\u00e9n es una forma de quedarse.<\/p>\n<\/blockquote>\n","protected":false},"excerpt":{"rendered":"<p>Durante a\u00f1os guard\u00e9 estos textos sin saber muy bien qu\u00e9 hacer con ellos. Fueron escritos en la adolescencia, en una etapa en la que uno escribe para entenderse, no para ser le\u00eddo. Con el tiempo, esos poemas y relatos se convirtieron en un archivo personal. Una especie de memoria emocional a la que volv\u00eda de [&hellip;]<\/p>\n","protected":false},"author":1,"featured_media":24666,"comment_status":"open","ping_status":"open","sticky":false,"template":"","format":"standard","meta":{"jetpack_post_was_ever_published":false,"_jetpack_newsletter_access":"","_jetpack_dont_email_post_to_subs":true,"_jetpack_newsletter_tier_id":0,"_jetpack_memberships_contains_paywalled_content":false,"_jetpack_memberships_contains_paid_content":false,"footnotes":""},"categories":[2],"tags":[107,58,72,88],"class_list":["post-24665","post","type-post","status-publish","format-standard","has-post-thumbnail","hentry","category-comunicacion","tag-libro","tag-marca-personal","tag-recomendaciones","tag-tenerife"],"yoast_head":"<!-- This site is optimized with the Yoast SEO plugin v27.4 - https:\/\/yoast.com\/product\/yoast-seo-wordpress\/ -->\n<title>21 poemas y 6 estaciones\u00a0 ya disponible - El blog de Pepe Rold\u00e1n<\/title>\n<meta name=\"description\" content=\"El libro (ebook) 21 poemas y 6 estaciones nace de una revisi\u00f3n honesta de por parte de su autor, Pepe Rold\u00e1n.\" \/>\n<meta name=\"robots\" content=\"index, follow, max-snippet:-1, max-image-preview:large, max-video-preview:-1\" \/>\n<link rel=\"canonical\" href=\"https:\/\/www.peperoldan.com\/blog\/21-poemas-y-6-estaciones-ya-disponible\/\" \/>\n<meta property=\"og:locale\" content=\"es_ES\" \/>\n<meta property=\"og:type\" content=\"article\" \/>\n<meta property=\"og:title\" content=\"21 poemas y 6 estaciones\u00a0 ya disponible - El blog de Pepe Rold\u00e1n\" \/>\n<meta property=\"og:description\" content=\"El libro (ebook) 21 poemas y 6 estaciones nace de una revisi\u00f3n honesta de por parte de su autor, Pepe Rold\u00e1n.\" \/>\n<meta property=\"og:url\" content=\"https:\/\/www.peperoldan.com\/blog\/21-poemas-y-6-estaciones-ya-disponible\/\" \/>\n<meta property=\"og:site_name\" content=\"El blog de Pepe Rold\u00e1n\" \/>\n<meta property=\"article:published_time\" content=\"2026-01-23T18:56:56+00:00\" \/>\n<meta property=\"article:modified_time\" content=\"2026-01-26T11:12:03+00:00\" \/>\n<meta property=\"og:image\" content=\"https:\/\/www.peperoldan.com\/blog\/wp-content\/uploads\/2026\/01\/880a218e0887420849fab03361741d32a117dd6cb9786b9ec492b7ce3222f690-1024x683.png\" \/>\n\t<meta property=\"og:image:width\" content=\"1024\" \/>\n\t<meta property=\"og:image:height\" content=\"683\" \/>\n\t<meta property=\"og:image:type\" content=\"image\/png\" \/>\n<meta name=\"author\" content=\"Pepe Rold\u00e1n\" \/>\n<meta name=\"twitter:card\" content=\"summary_large_image\" \/>\n<meta name=\"twitter:label1\" content=\"Escrito por\" \/>\n\t<meta name=\"twitter:data1\" content=\"Pepe Rold\u00e1n\" \/>\n\t<meta name=\"twitter:label2\" content=\"Tiempo de lectura\" \/>\n\t<meta name=\"twitter:data2\" content=\"3 minutos\" \/>\n<script type=\"application\/ld+json\" class=\"yoast-schema-graph\">{\"@context\":\"https:\\\/\\\/schema.org\",\"@graph\":[{\"@type\":\"Article\",\"@id\":\"https:\\\/\\\/www.peperoldan.com\\\/blog\\\/21-poemas-y-6-estaciones-ya-disponible\\\/#article\",\"isPartOf\":{\"@id\":\"https:\\\/\\\/www.peperoldan.com\\\/blog\\\/21-poemas-y-6-estaciones-ya-disponible\\\/\"},\"author\":{\"name\":\"Pepe Rold\u00e1n\",\"@id\":\"https:\\\/\\\/www.peperoldan.com\\\/blog\\\/#\\\/schema\\\/person\\\/55b1e4372795cb86830f43a8d8446085\"},\"headline\":\"21 poemas y 6 estaciones\u00a0 ya disponible\",\"datePublished\":\"2026-01-23T18:56:56+00:00\",\"dateModified\":\"2026-01-26T11:12:03+00:00\",\"mainEntityOfPage\":{\"@id\":\"https:\\\/\\\/www.peperoldan.com\\\/blog\\\/21-poemas-y-6-estaciones-ya-disponible\\\/\"},\"wordCount\":576,\"commentCount\":0,\"publisher\":{\"@id\":\"https:\\\/\\\/www.peperoldan.com\\\/blog\\\/#\\\/schema\\\/person\\\/55b1e4372795cb86830f43a8d8446085\"},\"image\":{\"@id\":\"https:\\\/\\\/www.peperoldan.com\\\/blog\\\/21-poemas-y-6-estaciones-ya-disponible\\\/#primaryimage\"},\"thumbnailUrl\":\"https:\\\/\\\/i0.wp.com\\\/www.peperoldan.com\\\/blog\\\/wp-content\\\/uploads\\\/2026\\\/01\\\/880a218e0887420849fab03361741d32a117dd6cb9786b9ec492b7ce3222f690.png?fit=1536%2C1024&ssl=1\",\"keywords\":[\"Libro\",\"Marca personal\",\"Recomendaciones\",\"Tenerife\"],\"articleSection\":[\"Comunicaci\u00f3n\"],\"inLanguage\":\"es\",\"potentialAction\":[{\"@type\":\"CommentAction\",\"name\":\"Comment\",\"target\":[\"https:\\\/\\\/www.peperoldan.com\\\/blog\\\/21-poemas-y-6-estaciones-ya-disponible\\\/#respond\"]}]},{\"@type\":\"WebPage\",\"@id\":\"https:\\\/\\\/www.peperoldan.com\\\/blog\\\/21-poemas-y-6-estaciones-ya-disponible\\\/\",\"url\":\"https:\\\/\\\/www.peperoldan.com\\\/blog\\\/21-poemas-y-6-estaciones-ya-disponible\\\/\",\"name\":\"21 poemas y 6 estaciones\u00a0 ya disponible - El blog de Pepe Rold\u00e1n\",\"isPartOf\":{\"@id\":\"https:\\\/\\\/www.peperoldan.com\\\/blog\\\/#website\"},\"primaryImageOfPage\":{\"@id\":\"https:\\\/\\\/www.peperoldan.com\\\/blog\\\/21-poemas-y-6-estaciones-ya-disponible\\\/#primaryimage\"},\"image\":{\"@id\":\"https:\\\/\\\/www.peperoldan.com\\\/blog\\\/21-poemas-y-6-estaciones-ya-disponible\\\/#primaryimage\"},\"thumbnailUrl\":\"https:\\\/\\\/i0.wp.com\\\/www.peperoldan.com\\\/blog\\\/wp-content\\\/uploads\\\/2026\\\/01\\\/880a218e0887420849fab03361741d32a117dd6cb9786b9ec492b7ce3222f690.png?fit=1536%2C1024&ssl=1\",\"datePublished\":\"2026-01-23T18:56:56+00:00\",\"dateModified\":\"2026-01-26T11:12:03+00:00\",\"description\":\"El libro (ebook) 21 poemas y 6 estaciones nace de una revisi\u00f3n honesta de por parte de su autor, Pepe Rold\u00e1n.\",\"breadcrumb\":{\"@id\":\"https:\\\/\\\/www.peperoldan.com\\\/blog\\\/21-poemas-y-6-estaciones-ya-disponible\\\/#breadcrumb\"},\"inLanguage\":\"es\",\"potentialAction\":[{\"@type\":\"ReadAction\",\"target\":[\"https:\\\/\\\/www.peperoldan.com\\\/blog\\\/21-poemas-y-6-estaciones-ya-disponible\\\/\"]}]},{\"@type\":\"ImageObject\",\"inLanguage\":\"es\",\"@id\":\"https:\\\/\\\/www.peperoldan.com\\\/blog\\\/21-poemas-y-6-estaciones-ya-disponible\\\/#primaryimage\",\"url\":\"https:\\\/\\\/i0.wp.com\\\/www.peperoldan.com\\\/blog\\\/wp-content\\\/uploads\\\/2026\\\/01\\\/880a218e0887420849fab03361741d32a117dd6cb9786b9ec492b7ce3222f690.png?fit=1536%2C1024&ssl=1\",\"contentUrl\":\"https:\\\/\\\/i0.wp.com\\\/www.peperoldan.com\\\/blog\\\/wp-content\\\/uploads\\\/2026\\\/01\\\/880a218e0887420849fab03361741d32a117dd6cb9786b9ec492b7ce3222f690.png?fit=1536%2C1024&ssl=1\",\"width\":1536,\"height\":1024,\"caption\":\"21 poemas y 6 estaciones de Pepe Rold\u00e1n\"},{\"@type\":\"BreadcrumbList\",\"@id\":\"https:\\\/\\\/www.peperoldan.com\\\/blog\\\/21-poemas-y-6-estaciones-ya-disponible\\\/#breadcrumb\",\"itemListElement\":[{\"@type\":\"ListItem\",\"position\":1,\"name\":\"Portada\",\"item\":\"https:\\\/\\\/www.peperoldan.com\\\/blog\\\/\"},{\"@type\":\"ListItem\",\"position\":2,\"name\":\"21 poemas y 6 estaciones\u00a0 ya disponible\"}]},{\"@type\":\"WebSite\",\"@id\":\"https:\\\/\\\/www.peperoldan.com\\\/blog\\\/#website\",\"url\":\"https:\\\/\\\/www.peperoldan.com\\\/blog\\\/\",\"name\":\"El blog de Pepe Rold\u00e1n\",\"description\":\"Turismo | Ventas | Comunicaci\u00f3n\",\"publisher\":{\"@id\":\"https:\\\/\\\/www.peperoldan.com\\\/blog\\\/#\\\/schema\\\/person\\\/55b1e4372795cb86830f43a8d8446085\"},\"potentialAction\":[{\"@type\":\"SearchAction\",\"target\":{\"@type\":\"EntryPoint\",\"urlTemplate\":\"https:\\\/\\\/www.peperoldan.com\\\/blog\\\/?s={search_term_string}\"},\"query-input\":{\"@type\":\"PropertyValueSpecification\",\"valueRequired\":true,\"valueName\":\"search_term_string\"}}],\"inLanguage\":\"es\"},{\"@type\":[\"Person\",\"Organization\"],\"@id\":\"https:\\\/\\\/www.peperoldan.com\\\/blog\\\/#\\\/schema\\\/person\\\/55b1e4372795cb86830f43a8d8446085\",\"name\":\"Pepe Rold\u00e1n\",\"image\":{\"@type\":\"ImageObject\",\"inLanguage\":\"es\",\"@id\":\"\",\"url\":null,\"contentUrl\":null,\"width\":1024,\"height\":1024,\"caption\":\"Pepe Rold\u00e1n\"},\"logo\":{\"@id\":\"\"},\"description\":\"Toda aventura comienza con un s\u00ed. Apasionado por las ventas y la comunicaci\u00f3n, me encuentro inmerso en la b\u00fasqueda de nuevos desaf\u00edos en el sector tur\u00edstico de Tenerife. \u00bfLes gustar\u00eda acompa\u00f1arme en esta emocionante traves\u00eda?\",\"sameAs\":[\"https:\\\/\\\/www.peperoldan.com\\\/blog\"],\"url\":\"https:\\\/\\\/www.peperoldan.com\\\/blog\\\/author\\\/peperoldan\\\/\"}]}<\/script>\n<!-- \/ Yoast SEO plugin. -->","yoast_head_json":{"title":"21 poemas y 6 estaciones\u00a0 ya disponible - El blog de Pepe Rold\u00e1n","description":"El libro (ebook) 21 poemas y 6 estaciones nace de una revisi\u00f3n honesta de por parte de su autor, Pepe Rold\u00e1n.","robots":{"index":"index","follow":"follow","max-snippet":"max-snippet:-1","max-image-preview":"max-image-preview:large","max-video-preview":"max-video-preview:-1"},"canonical":"https:\/\/www.peperoldan.com\/blog\/21-poemas-y-6-estaciones-ya-disponible\/","og_locale":"es_ES","og_type":"article","og_title":"21 poemas y 6 estaciones\u00a0 ya disponible - El blog de Pepe Rold\u00e1n","og_description":"El libro (ebook) 21 poemas y 6 estaciones nace de una revisi\u00f3n honesta de por parte de su autor, Pepe Rold\u00e1n.","og_url":"https:\/\/www.peperoldan.com\/blog\/21-poemas-y-6-estaciones-ya-disponible\/","og_site_name":"El blog de Pepe Rold\u00e1n","article_published_time":"2026-01-23T18:56:56+00:00","article_modified_time":"2026-01-26T11:12:03+00:00","og_image":[{"width":1024,"height":683,"url":"https:\/\/www.peperoldan.com\/blog\/wp-content\/uploads\/2026\/01\/880a218e0887420849fab03361741d32a117dd6cb9786b9ec492b7ce3222f690-1024x683.png","type":"image\/png"}],"author":"Pepe Rold\u00e1n","twitter_card":"summary_large_image","twitter_misc":{"Escrito por":"Pepe Rold\u00e1n","Tiempo de lectura":"3 minutos"},"schema":{"@context":"https:\/\/schema.org","@graph":[{"@type":"Article","@id":"https:\/\/www.peperoldan.com\/blog\/21-poemas-y-6-estaciones-ya-disponible\/#article","isPartOf":{"@id":"https:\/\/www.peperoldan.com\/blog\/21-poemas-y-6-estaciones-ya-disponible\/"},"author":{"name":"Pepe Rold\u00e1n","@id":"https:\/\/www.peperoldan.com\/blog\/#\/schema\/person\/55b1e4372795cb86830f43a8d8446085"},"headline":"21 poemas y 6 estaciones\u00a0 ya disponible","datePublished":"2026-01-23T18:56:56+00:00","dateModified":"2026-01-26T11:12:03+00:00","mainEntityOfPage":{"@id":"https:\/\/www.peperoldan.com\/blog\/21-poemas-y-6-estaciones-ya-disponible\/"},"wordCount":576,"commentCount":0,"publisher":{"@id":"https:\/\/www.peperoldan.com\/blog\/#\/schema\/person\/55b1e4372795cb86830f43a8d8446085"},"image":{"@id":"https:\/\/www.peperoldan.com\/blog\/21-poemas-y-6-estaciones-ya-disponible\/#primaryimage"},"thumbnailUrl":"https:\/\/i0.wp.com\/www.peperoldan.com\/blog\/wp-content\/uploads\/2026\/01\/880a218e0887420849fab03361741d32a117dd6cb9786b9ec492b7ce3222f690.png?fit=1536%2C1024&ssl=1","keywords":["Libro","Marca personal","Recomendaciones","Tenerife"],"articleSection":["Comunicaci\u00f3n"],"inLanguage":"es","potentialAction":[{"@type":"CommentAction","name":"Comment","target":["https:\/\/www.peperoldan.com\/blog\/21-poemas-y-6-estaciones-ya-disponible\/#respond"]}]},{"@type":"WebPage","@id":"https:\/\/www.peperoldan.com\/blog\/21-poemas-y-6-estaciones-ya-disponible\/","url":"https:\/\/www.peperoldan.com\/blog\/21-poemas-y-6-estaciones-ya-disponible\/","name":"21 poemas y 6 estaciones\u00a0 ya disponible - El blog de Pepe Rold\u00e1n","isPartOf":{"@id":"https:\/\/www.peperoldan.com\/blog\/#website"},"primaryImageOfPage":{"@id":"https:\/\/www.peperoldan.com\/blog\/21-poemas-y-6-estaciones-ya-disponible\/#primaryimage"},"image":{"@id":"https:\/\/www.peperoldan.com\/blog\/21-poemas-y-6-estaciones-ya-disponible\/#primaryimage"},"thumbnailUrl":"https:\/\/i0.wp.com\/www.peperoldan.com\/blog\/wp-content\/uploads\/2026\/01\/880a218e0887420849fab03361741d32a117dd6cb9786b9ec492b7ce3222f690.png?fit=1536%2C1024&ssl=1","datePublished":"2026-01-23T18:56:56+00:00","dateModified":"2026-01-26T11:12:03+00:00","description":"El libro (ebook) 21 poemas y 6 estaciones nace de una revisi\u00f3n honesta de por parte de su autor, Pepe Rold\u00e1n.","breadcrumb":{"@id":"https:\/\/www.peperoldan.com\/blog\/21-poemas-y-6-estaciones-ya-disponible\/#breadcrumb"},"inLanguage":"es","potentialAction":[{"@type":"ReadAction","target":["https:\/\/www.peperoldan.com\/blog\/21-poemas-y-6-estaciones-ya-disponible\/"]}]},{"@type":"ImageObject","inLanguage":"es","@id":"https:\/\/www.peperoldan.com\/blog\/21-poemas-y-6-estaciones-ya-disponible\/#primaryimage","url":"https:\/\/i0.wp.com\/www.peperoldan.com\/blog\/wp-content\/uploads\/2026\/01\/880a218e0887420849fab03361741d32a117dd6cb9786b9ec492b7ce3222f690.png?fit=1536%2C1024&ssl=1","contentUrl":"https:\/\/i0.wp.com\/www.peperoldan.com\/blog\/wp-content\/uploads\/2026\/01\/880a218e0887420849fab03361741d32a117dd6cb9786b9ec492b7ce3222f690.png?fit=1536%2C1024&ssl=1","width":1536,"height":1024,"caption":"21 poemas y 6 estaciones de Pepe Rold\u00e1n"},{"@type":"BreadcrumbList","@id":"https:\/\/www.peperoldan.com\/blog\/21-poemas-y-6-estaciones-ya-disponible\/#breadcrumb","itemListElement":[{"@type":"ListItem","position":1,"name":"Portada","item":"https:\/\/www.peperoldan.com\/blog\/"},{"@type":"ListItem","position":2,"name":"21 poemas y 6 estaciones\u00a0 ya disponible"}]},{"@type":"WebSite","@id":"https:\/\/www.peperoldan.com\/blog\/#website","url":"https:\/\/www.peperoldan.com\/blog\/","name":"El blog de Pepe Rold\u00e1n","description":"Turismo | Ventas | Comunicaci\u00f3n","publisher":{"@id":"https:\/\/www.peperoldan.com\/blog\/#\/schema\/person\/55b1e4372795cb86830f43a8d8446085"},"potentialAction":[{"@type":"SearchAction","target":{"@type":"EntryPoint","urlTemplate":"https:\/\/www.peperoldan.com\/blog\/?s={search_term_string}"},"query-input":{"@type":"PropertyValueSpecification","valueRequired":true,"valueName":"search_term_string"}}],"inLanguage":"es"},{"@type":["Person","Organization"],"@id":"https:\/\/www.peperoldan.com\/blog\/#\/schema\/person\/55b1e4372795cb86830f43a8d8446085","name":"Pepe Rold\u00e1n","image":{"@type":"ImageObject","inLanguage":"es","@id":"","url":null,"contentUrl":null,"width":1024,"height":1024,"caption":"Pepe Rold\u00e1n"},"logo":{"@id":""},"description":"Toda aventura comienza con un s\u00ed. Apasionado por las ventas y la comunicaci\u00f3n, me encuentro inmerso en la b\u00fasqueda de nuevos desaf\u00edos en el sector tur\u00edstico de Tenerife. \u00bfLes gustar\u00eda acompa\u00f1arme en esta emocionante traves\u00eda?","sameAs":["https:\/\/www.peperoldan.com\/blog"],"url":"https:\/\/www.peperoldan.com\/blog\/author\/peperoldan\/"}]}},"jetpack_featured_media_url":"https:\/\/i0.wp.com\/www.peperoldan.com\/blog\/wp-content\/uploads\/2026\/01\/880a218e0887420849fab03361741d32a117dd6cb9786b9ec492b7ce3222f690.png?fit=1536%2C1024&ssl=1","jetpack_sharing_enabled":true,"jetpack_likes_enabled":true,"_links":{"self":[{"href":"https:\/\/www.peperoldan.com\/blog\/wp-json\/wp\/v2\/posts\/24665","targetHints":{"allow":["GET"]}}],"collection":[{"href":"https:\/\/www.peperoldan.com\/blog\/wp-json\/wp\/v2\/posts"}],"about":[{"href":"https:\/\/www.peperoldan.com\/blog\/wp-json\/wp\/v2\/types\/post"}],"author":[{"embeddable":true,"href":"https:\/\/www.peperoldan.com\/blog\/wp-json\/wp\/v2\/users\/1"}],"replies":[{"embeddable":true,"href":"https:\/\/www.peperoldan.com\/blog\/wp-json\/wp\/v2\/comments?post=24665"}],"version-history":[{"count":5,"href":"https:\/\/www.peperoldan.com\/blog\/wp-json\/wp\/v2\/posts\/24665\/revisions"}],"predecessor-version":[{"id":24673,"href":"https:\/\/www.peperoldan.com\/blog\/wp-json\/wp\/v2\/posts\/24665\/revisions\/24673"}],"wp:featuredmedia":[{"embeddable":true,"href":"https:\/\/www.peperoldan.com\/blog\/wp-json\/wp\/v2\/media\/24666"}],"wp:attachment":[{"href":"https:\/\/www.peperoldan.com\/blog\/wp-json\/wp\/v2\/media?parent=24665"}],"wp:term":[{"taxonomy":"category","embeddable":true,"href":"https:\/\/www.peperoldan.com\/blog\/wp-json\/wp\/v2\/categories?post=24665"},{"taxonomy":"post_tag","embeddable":true,"href":"https:\/\/www.peperoldan.com\/blog\/wp-json\/wp\/v2\/tags?post=24665"}],"curies":[{"name":"wp","href":"https:\/\/api.w.org\/{rel}","templated":true}]}}