{"id":24529,"date":"2024-09-27T00:32:00","date_gmt":"2024-09-27T00:32:00","guid":{"rendered":"https:\/\/www.peperoldan.com\/blog\/?p=24529"},"modified":"2026-08-10T18:41:54","modified_gmt":"2026-08-10T18:41:54","slug":"consejos-para-reservar-en-el-barranco-de-masca","status":"publish","type":"post","link":"https:\/\/www.peperoldan.com\/blog\/consejos-para-reservar-en-el-barranco-de-masca\/","title":{"rendered":"Barranco de Masca: c\u00f3mo reservar y qu\u00e9 te piden para entrar"},"content":{"rendered":"\n<p class=\"wp-block-paragraph\">Recorrer el Barranco de Masca es una de las mejores caminatas de Canarias. Tambi\u00e9n es la m\u00e1s regulada, y donde m\u00e1s gente se queda fuera en el control de acceso por no haber le\u00eddo la letra peque\u00f1a.<\/p>\n\n\n\n<p class=\"wp-block-paragraph\">Aviso desde el principio:&nbsp;<strong>con la reserva del camino no basta<\/strong>. Necesitas tres tickets distintos, un tipo concreto de calzado y llegar a dos sitios a dos horas distintas. Si te falta cualquiera de esas cosas, te deniegan el acceso y no te devuelven el dinero. Te lo cuento en orden.<\/p>\n\n\n\n<div id=\"ez-toc-container\" class=\"ez-toc-v2_0_86 counter-hierarchy ez-toc-counter ez-toc-grey ez-toc-container-direction\">\n<div class=\"ez-toc-title-container\">\n<p class=\"ez-toc-title\" style=\"cursor:inherit\">\u00cdndice<\/p>\n<span class=\"ez-toc-title-toggle\"><\/span><\/div>\n<nav><ul class='ez-toc-list ez-toc-list-level-1 ' ><li class='ez-toc-page-1 ez-toc-heading-level-2'><a class=\"ez-toc-link ez-toc-heading-1\" href=\"https:\/\/www.peperoldan.com\/blog\/consejos-para-reservar-en-el-barranco-de-masca\/#Lo_que_necesitas_si_o_si\" >Lo que necesitas s\u00ed o s\u00ed<\/a><\/li><li class='ez-toc-page-1 ez-toc-heading-level-2'><a class=\"ez-toc-link ez-toc-heading-2\" href=\"https:\/\/www.peperoldan.com\/blog\/consejos-para-reservar-en-el-barranco-de-masca\/#El_cambio_que_pilla_a_todo_el_mundo_ya_no_se_puede_llegar_en_coche\" >El cambio que pilla a todo el mundo: ya no se puede llegar en coche<\/a><\/li><li class='ez-toc-page-1 ez-toc-heading-level-2'><a class=\"ez-toc-link ez-toc-heading-3\" href=\"https:\/\/www.peperoldan.com\/blog\/consejos-para-reservar-en-el-barranco-de-masca\/#Horarios_plazas_y_modalidad\" >Horarios, plazas y modalidad<\/a><\/li><li class='ez-toc-page-1 ez-toc-heading-level-2'><a class=\"ez-toc-link ez-toc-heading-4\" href=\"https:\/\/www.peperoldan.com\/blog\/consejos-para-reservar-en-el-barranco-de-masca\/#Cuanto_cuesta_y_quien_no_paga\" >Cu\u00e1nto cuesta y qui\u00e9n no paga<\/a><\/li><li class='ez-toc-page-1 ez-toc-heading-level-2'><a class=\"ez-toc-link ez-toc-heading-5\" href=\"https:\/\/www.peperoldan.com\/blog\/consejos-para-reservar-en-el-barranco-de-masca\/#Cuando_ir\" >Cu\u00e1ndo ir<\/a><\/li><li class='ez-toc-page-1 ez-toc-heading-level-2'><a class=\"ez-toc-link ez-toc-heading-6\" href=\"https:\/\/www.peperoldan.com\/blog\/consejos-para-reservar-en-el-barranco-de-masca\/#Cambios_y_cancelaciones\" >Cambios y cancelaciones<\/a><\/li><li class='ez-toc-page-1 ez-toc-heading-level-2'><a class=\"ez-toc-link ez-toc-heading-7\" href=\"https:\/\/www.peperoldan.com\/blog\/consejos-para-reservar-en-el-barranco-de-masca\/#Menores\" >Menores<\/a><\/li><li class='ez-toc-page-1 ez-toc-heading-level-2'><a class=\"ez-toc-link ez-toc-heading-8\" href=\"https:\/\/www.peperoldan.com\/blog\/consejos-para-reservar-en-el-barranco-de-masca\/#Si_solo_quieres_ver_el_pueblo\" >Si solo quieres ver el pueblo<\/a><\/li><li class='ez-toc-page-1 ez-toc-heading-level-2'><a class=\"ez-toc-link ez-toc-heading-9\" href=\"https:\/\/www.peperoldan.com\/blog\/consejos-para-reservar-en-el-barranco-de-masca\/#Mi_consejo_despues_de_haberlo_visto_de_cerca\" >Mi consejo, despu\u00e9s de haberlo visto de cerca<\/a><\/li><li class='ez-toc-page-1 ez-toc-heading-level-2'><a class=\"ez-toc-link ez-toc-heading-10\" href=\"https:\/\/www.peperoldan.com\/blog\/consejos-para-reservar-en-el-barranco-de-masca\/#Preguntas_frecuentes\" >Preguntas frecuentes<\/a><\/li><\/ul><\/nav><\/div>\n<h2 class=\"wp-block-heading\"><span class=\"ez-toc-section\" id=\"Lo_que_necesitas_si_o_si\"><\/span>Lo que necesitas s\u00ed o s\u00ed<span class=\"ez-toc-section-end\"><\/span><\/h2>\n\n\n\n<p class=\"wp-block-paragraph\">Tres reservas separadas, en tres sitios distintos:<\/p>\n\n\n\n<ol class=\"wp-block-list\">\n<li><strong>El ticket del camino<\/strong>, en la web oficial caminobarrancodemasca.com. Desde 40,66 \u20ac.<\/li>\n\n\n\n<li><strong>El ticket del barco de vuelta<\/strong>, con una de las empresas mar\u00edtimas colaboradoras. No est\u00e1 incluido y hay que comprarlo aparte. Debe ser como m\u00e1ximo para 4 horas despu\u00e9s de tu sesi\u00f3n de descenso.<\/li>\n\n\n\n<li><strong>El ticket de la guagua<\/strong>\u00a0de la l\u00ednea 355 de Titsa desde Santiago del Teide. Obligatorio desde diciembre de 2025. Tampoco est\u00e1 incluido.<\/li>\n<\/ol>\n\n\n\n<p class=\"wp-block-paragraph\">Y adem\u00e1s:<\/p>\n\n\n\n<ul class=\"wp-block-list\">\n<li><strong>Calzado de monta\u00f1a cerrado.<\/strong>\u00a0No es una recomendaci\u00f3n. Con deportivas, sneakers o sandalias no entras.<\/li>\n\n\n\n<li><strong>Documento de identidad.<\/strong>\u00a0Las entradas son nominales e intransferibles.<\/li>\n\n\n\n<li><strong>M\u00ednimo 1,5 litros de agua<\/strong>\u00a0por persona. En el camino no hay ni una fuente.<\/li>\n<\/ul>\n\n\n\n<p class=\"wp-block-paragraph\">El casco te lo prestan ellos en el control y lo devuelves al terminar.<\/p>\n\n\n\n<h2 class=\"wp-block-heading\"><span class=\"ez-toc-section\" id=\"El_cambio_que_pilla_a_todo_el_mundo_ya_no_se_puede_llegar_en_coche\"><\/span>El cambio que pilla a todo el mundo: ya no se puede llegar en coche<span class=\"ez-toc-section-end\"><\/span><\/h2>\n\n\n\n<p class=\"wp-block-paragraph\">Este es el punto donde m\u00e1s gente falla, porque todas las gu\u00edas antiguas \u2014la m\u00eda incluida hasta ahora\u2014 siguen dando por hecho que puedes subir al caser\u00edo en tu coche.<\/p>\n\n\n\n<p class=\"wp-block-paragraph\">Desde diciembre de 2025&nbsp;<strong>el acceso al inicio del camino solo es posible en transporte colectivo<\/strong>. Tienes que coger la l\u00ednea 355 de Titsa desde Santiago del Teide hasta Masca, unos 20 minutos de trayecto. Si llegas al Centro de Visitantes en veh\u00edculo privado, no te dejan empezar la ruta aunque tengas la reserva pagada. En el control te piden el comprobante del transporte.<\/p>\n\n\n\n<p class=\"wp-block-paragraph\">Si vas en coche hasta Santiago del Teide, aparcas en el estacionamiento del cementerio y caminas unos 10 minutos hasta la parada de Titsa.<\/p>\n\n\n\n<p class=\"wp-block-paragraph\"><strong>Ojo con los tiempos, que son dos y se confunden:<\/strong><\/p>\n\n\n\n<ul class=\"wp-block-list\">\n<li><strong>1 hora antes<\/strong>\u00a0de tu sesi\u00f3n reservada tienes que estar en la parada de Santiago del Teide.<\/li>\n\n\n\n<li><strong>30 minutos antes<\/strong>\u00a0de tu sesi\u00f3n tienes que estar en el control del Centro de Visitantes de Masca.<\/li>\n<\/ul>\n\n\n\n<p class=\"wp-block-paragraph\">Llegar tarde al control significa perder el acceso y el reembolso. Sin excepciones durante la fase piloto.<\/p>\n\n\n\n<h2 class=\"wp-block-heading\"><span class=\"ez-toc-section\" id=\"Horarios_plazas_y_modalidad\"><\/span>Horarios, plazas y modalidad<span class=\"ez-toc-section-end\"><\/span><\/h2>\n\n\n\n<p class=\"wp-block-paragraph\">Actualmente solo existe la modalidad de&nbsp;<strong>descenso<\/strong>: bajas desde el caser\u00edo hasta la ensenada y sales en barco. No se puede hacer ida y vuelta a pie.<\/p>\n\n\n\n<ul class=\"wp-block-list\">\n<li><strong>Sesiones de descenso:<\/strong>\u00a0de 8:30 a 13:00 h, cada media hora.<\/li>\n\n\n\n<li><strong>Plazas:<\/strong>\u00a025 por sesi\u00f3n. La de las 9:00 tiene 50.<\/li>\n\n\n\n<li><strong>Horario del camino:<\/strong>\u00a0de 8:30 a 18:00 h.<\/li>\n\n\n\n<li><strong>Centro de Visitantes:<\/strong>\u00a0de lunes a jueves de 9:00 a 17:00, y de viernes a domingo de 8:00 a 18:00.<\/li>\n<\/ul>\n\n\n\n<p class=\"wp-block-paragraph\">Las plazas son limitadas de verdad. En temporada alta y fines de semana se agotan con semanas de antelaci\u00f3n.<\/p>\n\n\n\n<h2 class=\"wp-block-heading\"><span class=\"ez-toc-section\" id=\"Cuanto_cuesta_y_quien_no_paga\"><\/span>Cu\u00e1nto cuesta y qui\u00e9n no paga<span class=\"ez-toc-section-end\"><\/span><\/h2>\n\n\n\n<p class=\"wp-block-paragraph\">La tarifa general parte de&nbsp;<strong>40,66 \u20ac<\/strong>. Hay tarifas reducidas para residentes canarios y menores de 18 a\u00f1os.<\/p>\n\n\n\n<p class=\"wp-block-paragraph\"><strong>Si eres residente en Tenerife, entras gratis.<\/strong>\u00a0resto a consultar <a href=\"https:\/\/www.caminobarrancodemasca.com\/es\/actividades\/reservar\/reserva-tu-visita-al-camino-de-masca\/#description\">aqu\u00ed.<\/a><\/p>\n\n\n\n<p class=\"wp-block-paragraph\">C\u00f3mo es el camino de verdad<\/p>\n\n\n\n<ul class=\"wp-block-list\">\n<li><strong>Longitud:<\/strong>\u00a0unos 5 km en un solo sentido.<\/li>\n\n\n\n<li><strong>Duraci\u00f3n:<\/strong>\u00a0unas 4 horas en descenso.<\/li>\n\n\n\n<li><strong>Desnivel:<\/strong>\u00a0desde los 750 metros del caser\u00edo hasta el nivel del mar.<\/li>\n\n\n\n<li><strong>Dificultad:<\/strong>\u00a0alta. Pavimento irregular, escalones, tramos resbaladizos y desniveles.<\/li>\n<\/ul>\n\n\n\n<p class=\"wp-block-paragraph\">No es un paseo, y conviene decirlo claro: es el lugar de Canarias donde m\u00e1s rescates se han realizado en los \u00faltimos a\u00f1os. Cuatro horas bajando escalones de piedra castigan las rodillas mucho m\u00e1s de lo que la gente espera.<\/p>\n\n\n\n<p class=\"wp-block-paragraph\"><strong>Y un escenario que hay que tener en la cabeza:<\/strong>&nbsp;si el mar se pone malo, cierran el embarcadero sin avisar. En ese caso te toca volver caminando cuesta arriba desde donde est\u00e9s hasta el caser\u00edo. Eso puede convertir una ruta de 4 horas en una jornada de 7 u 8, con 750 metros de subida. Si no est\u00e1s en condiciones de afrontar esa posibilidad, no reserves.<\/p>\n\n\n\n<h2 class=\"wp-block-heading\"><span class=\"ez-toc-section\" id=\"Cuando_ir\"><\/span>Cu\u00e1ndo ir<span class=\"ez-toc-section-end\"><\/span><\/h2>\n\n\n\n<p class=\"wp-block-paragraph\">Primavera y oto\u00f1o. El clima es m\u00e1s templado, hay menos riesgo de calor extremo y el terreno est\u00e1 en mejores condiciones.<\/p>\n\n\n\n<p class=\"wp-block-paragraph\">En verano el barranco se convierte en un horno: es una garganta de roca orientada al sol, sin sombra durante buena parte del recorrido, y las sesiones son de ma\u00f1ana precisamente por eso. En invierno, despu\u00e9s de lluvias, la piedra se pone resbaladiza y aumentan los cierres.<\/p>\n\n\n\n<p class=\"wp-block-paragraph\">Consulta siempre el aviso de AEMET y el apartado \u00abMasca hoy\u00bb de la web oficial antes de salir de casa.<\/p>\n\n\n\n<h2 class=\"wp-block-heading\"><span class=\"ez-toc-section\" id=\"Cambios_y_cancelaciones\"><\/span>Cambios y cancelaciones<span class=\"ez-toc-section-end\"><\/span><\/h2>\n\n\n\n<ul class=\"wp-block-list\">\n<li><strong>Con 72 horas o m\u00e1s de antelaci\u00f3n:<\/strong>\u00a0cancelas sin coste y te devuelven el 100 %. Puedes cambiar la fecha hasta dos veces, dentro del plazo de un a\u00f1o.<\/li>\n\n\n\n<li><strong>Con menos de 72 horas:<\/strong>\u00a0no hay cambios. Si cancelas, se retiene el importe completo.<\/li>\n\n\n\n<li><strong>Si no apareces:<\/strong>\u00a0sin reembolso.<\/li>\n\n\n\n<li><strong>Si cierran el camino por meteorolog\u00eda o fuerza mayor:<\/strong>\u00a0puedes elegir entre cambiar la fecha o que te devuelvan el dinero.<\/li>\n<\/ul>\n\n\n\n<h2 class=\"wp-block-heading\"><span class=\"ez-toc-section\" id=\"Menores\"><\/span>Menores<span class=\"ez-toc-section-end\"><\/span><\/h2>\n\n\n\n<p class=\"wp-block-paragraph\">No se admiten menores de 8 a\u00f1os. Los menores de 18 tienen que ir acompa\u00f1ados por su tutor legal o por una persona autorizada, con el modelo de autorizaci\u00f3n que facilita la web oficial.<\/p>\n\n\n\n<h2 class=\"wp-block-heading\"><span class=\"ez-toc-section\" id=\"Si_solo_quieres_ver_el_pueblo\"><\/span>Si solo quieres ver el pueblo<span class=\"ez-toc-section-end\"><\/span><\/h2>\n\n\n\n<p class=\"wp-block-paragraph\">Mucha gente confunde las dos cosas.&nbsp;<strong>El caser\u00edo de Masca y el camino del barranco son visitas distintas.<\/strong><\/p>\n\n\n\n<p class=\"wp-block-paragraph\">Al pueblo puedes subir en coche por la TF-436, desde Santiago del Teide o desde Buenavista del Norte, sin reserva ni ticket. Es un caser\u00edo declarado Bien de Inter\u00e9s Cultural, encajado entre paredes de roca, y merece la visita por s\u00ed solo.<\/p>\n\n\n\n<p class=\"wp-block-paragraph\">Dos avisos: la carretera tiene curvas muy cerradas y tramos estrechos, as\u00ed que no es c\u00f3moda para quien conduzca con poca confianza. Y el aparcamiento en el caser\u00edo es escaso, de modo que conviene ir temprano o a \u00faltima hora de la tarde.<\/p>\n\n\n\n<h2 class=\"wp-block-heading\"><span class=\"ez-toc-section\" id=\"Mi_consejo_despues_de_haberlo_visto_de_cerca\"><\/span>Mi consejo, despu\u00e9s de haberlo visto de cerca<span class=\"ez-toc-section-end\"><\/span><\/h2>\n\n\n\n<p class=\"wp-block-paragraph\">Reserva primero el barco y despu\u00e9s el camino, no al rev\u00e9s. La disponibilidad mar\u00edtima es m\u00e1s ajustada que la del sendero, y la ventana de 4 horas entre una cosa y otra deja menos margen del que parece.<\/p>\n\n\n\n<p class=\"wp-block-paragraph\">Llama si tienes alguna duda.<\/p>\n\n\n\n<h2 class=\"wp-block-heading\"><span class=\"ez-toc-section\" id=\"Preguntas_frecuentes\"><\/span>Preguntas frecuentes<span class=\"ez-toc-section-end\"><\/span><\/h2>\n\n\n\n<p class=\"wp-block-paragraph\"><strong>\u00bfHay que reservar para el Barranco de Masca?<\/strong>&nbsp;S\u00ed, es obligatorio y solo se puede hacer en la web oficial caminobarrancodemasca.com. Adem\u00e1s del ticket del camino necesitas reservar el barco de salida y el transporte colectivo desde Santiago del Teide.<\/p>\n\n\n\n<p class=\"wp-block-paragraph\"><strong>\u00bfCu\u00e1nto cuesta el Barranco de Masca?<\/strong>\u00a0La tarifa general parte de 40,66 \u20ac. Los residentes en Tenerife y las personas federadas en monta\u00f1a o espeleolog\u00eda en Canarias <a href=\"https:\/\/www.caminobarrancodemasca.com\/es\/actividades\/reservar\/reserva-tu-visita-al-camino-de-masca\/#description\">consultar en este enlace<\/a>.<\/p>\n\n\n\n<p class=\"wp-block-paragraph\"><strong>\u00bfSe puede ir en coche al Barranco de Masca?<\/strong>&nbsp;Al caser\u00edo s\u00ed. Al camino del barranco no: desde diciembre de 2025 es obligatorio acceder en la l\u00ednea 355 de Titsa desde Santiago del Teide, y en el control te piden el comprobante.<\/p>\n\n\n\n<p class=\"wp-block-paragraph\"><strong>\u00bfCu\u00e1nto se tarda en bajar el Barranco de Masca?<\/strong>&nbsp;Unas 4 horas en descenso, para 5 km y 750 metros de desnivel. La dificultad es alta.<\/p>\n\n\n\n<p class=\"wp-block-paragraph\"><strong>\u00bfQu\u00e9 calzado hace falta para el Barranco de Masca?<\/strong>&nbsp;Calzado de monta\u00f1a cerrado, de tipo trail, trekking o botas, con taco. Con deportivas, sandalias o sneakers deniegan el acceso.<\/p>\n","protected":false},"excerpt":{"rendered":"<p>Recorrer el Barranco de Masca es una de las mejores caminatas de Canarias. Tambi\u00e9n es la m\u00e1s regulada, y donde m\u00e1s gente se queda fuera en el control de acceso por no haber le\u00eddo la letra peque\u00f1a. Aviso desde el principio:&nbsp;con la reserva del camino no basta. Necesitas tres tickets distintos, un tipo concreto de [&hellip;]<\/p>\n","protected":false},"author":1,"featured_media":24532,"comment_status":"open","ping_status":"open","sticky":false,"template":"","format":"standard","meta":{"_jetpack_newsletter_access":"","_jetpack_dont_email_post_to_subs":true,"_jetpack_newsletter_tier_id":0,"_jetpack_memberships_contains_paywalled_content":false,"_jetpack_feature_clip_id":0,"_jetpack_memberships_contains_paid_content":false,"footnotes":"","jetpack_publicize_message":"","jetpack_publicize_feature_enabled":true,"jetpack_social_post_already_shared":false,"jetpack_social_options":{"image_generator_settings":{"template":"highway","default_image_id":0,"font":"","enabled":false},"version":2},"jetpack_post_was_ever_published":false},"categories":[6],"tags":[45,99,72,88],"class_list":["post-24529","post","type-post","status-publish","format-standard","has-post-thumbnail","hentry","category-turismo","tag-gente","tag-masca","tag-recomendaciones","tag-tenerife"],"yoast_head":"<!-- This site is optimized with the Yoast SEO plugin v28.3 - https:\/\/yoast.com\/product\/yoast-seo-wordpress\/ -->\n<title>Barranco de Masca: c\u00f3mo reservar y qu\u00e9 te piden para entrar - El blog de Pepe Rold\u00e1n<\/title>\n<meta name=\"description\" content=\"Gu\u00eda actualizada del Camino del Barranco de Masca: reserva, precio, guagua obligatoria desde Santiago del Teide, calzado y barco de vuelta.\" \/>\n<meta name=\"robots\" content=\"index, follow, max-snippet:-1, max-image-preview:large, max-video-preview:-1\" \/>\n<link rel=\"canonical\" href=\"https:\/\/www.peperoldan.com\/blog\/consejos-para-reservar-en-el-barranco-de-masca\/\" \/>\n<meta property=\"og:locale\" content=\"es_ES\" \/>\n<meta property=\"og:type\" content=\"article\" \/>\n<meta property=\"og:title\" content=\"Barranco de Masca: c\u00f3mo reservar y qu\u00e9 te piden para entrar - El blog de Pepe Rold\u00e1n\" \/>\n<meta property=\"og:description\" content=\"Gu\u00eda actualizada del Camino del Barranco de Masca: reserva, precio, guagua obligatoria desde Santiago del Teide, calzado y barco de vuelta.\" \/>\n<meta property=\"og:url\" content=\"https:\/\/www.peperoldan.com\/blog\/consejos-para-reservar-en-el-barranco-de-masca\/\" \/>\n<meta property=\"og:site_name\" content=\"El blog de Pepe Rold\u00e1n\" \/>\n<meta property=\"article:published_time\" content=\"2024-09-27T00:32:00+00:00\" \/>\n<meta property=\"article:modified_time\" content=\"2026-08-10T18:41:54+00:00\" \/>\n<meta property=\"og:image\" content=\"https:\/\/www.peperoldan.com\/blog\/wp-content\/uploads\/2024\/11\/pexels-photo-2418958.jpeg\" \/>\n\t<meta property=\"og:image:width\" content=\"1880\" \/>\n\t<meta property=\"og:image:height\" content=\"1253\" \/>\n\t<meta property=\"og:image:type\" content=\"image\/jpeg\" \/>\n<meta name=\"author\" content=\"Pepe Rold\u00e1n\" \/>\n<meta name=\"twitter:card\" content=\"summary_large_image\" \/>\n<meta name=\"twitter:label1\" content=\"Escrito por\" \/>\n\t<meta name=\"twitter:data1\" content=\"Pepe Rold\u00e1n\" \/>\n\t<meta name=\"twitter:label2\" content=\"Tiempo de lectura\" \/>\n\t<meta name=\"twitter:data2\" content=\"6 minutos\" \/>\n<script type=\"application\/ld+json\" class=\"yoast-schema-graph\">{\"@context\":\"https:\\\/\\\/schema.org\",\"@graph\":[{\"@type\":\"Article\",\"@id\":\"https:\\\/\\\/www.peperoldan.com\\\/blog\\\/consejos-para-reservar-en-el-barranco-de-masca\\\/#article\",\"isPartOf\":{\"@id\":\"https:\\\/\\\/www.peperoldan.com\\\/blog\\\/consejos-para-reservar-en-el-barranco-de-masca\\\/\"},\"author\":{\"name\":\"Pepe Rold\u00e1n\",\"@id\":\"https:\\\/\\\/www.peperoldan.com\\\/blog\\\/#\\\/schema\\\/person\\\/55b1e4372795cb86830f43a8d8446085\"},\"headline\":\"Barranco de Masca: c\u00f3mo reservar y qu\u00e9 te piden para entrar\",\"datePublished\":\"2024-09-27T00:32:00+00:00\",\"dateModified\":\"2026-08-10T18:41:54+00:00\",\"mainEntityOfPage\":{\"@id\":\"https:\\\/\\\/www.peperoldan.com\\\/blog\\\/consejos-para-reservar-en-el-barranco-de-masca\\\/\"},\"wordCount\":1274,\"commentCount\":0,\"publisher\":{\"@id\":\"https:\\\/\\\/www.peperoldan.com\\\/blog\\\/#\\\/schema\\\/person\\\/55b1e4372795cb86830f43a8d8446085\"},\"image\":{\"@id\":\"https:\\\/\\\/www.peperoldan.com\\\/blog\\\/consejos-para-reservar-en-el-barranco-de-masca\\\/#primaryimage\"},\"thumbnailUrl\":\"https:\\\/\\\/i0.wp.com\\\/www.peperoldan.com\\\/blog\\\/wp-content\\\/uploads\\\/2024\\\/11\\\/pexels-photo-2418958.jpeg?fit=1880%2C1253&ssl=1\",\"keywords\":[\"Gente\",\"Masca\",\"Recomendaciones\",\"Tenerife\"],\"articleSection\":[\"Turismo\"],\"inLanguage\":\"es\",\"potentialAction\":[{\"@type\":\"CommentAction\",\"name\":\"Comment\",\"target\":[\"https:\\\/\\\/www.peperoldan.com\\\/blog\\\/consejos-para-reservar-en-el-barranco-de-masca\\\/#respond\"]}]},{\"@type\":\"WebPage\",\"@id\":\"https:\\\/\\\/www.peperoldan.com\\\/blog\\\/consejos-para-reservar-en-el-barranco-de-masca\\\/\",\"url\":\"https:\\\/\\\/www.peperoldan.com\\\/blog\\\/consejos-para-reservar-en-el-barranco-de-masca\\\/\",\"name\":\"Barranco de Masca: c\u00f3mo reservar y qu\u00e9 te piden para entrar - El blog de Pepe Rold\u00e1n\",\"isPartOf\":{\"@id\":\"https:\\\/\\\/www.peperoldan.com\\\/blog\\\/#website\"},\"primaryImageOfPage\":{\"@id\":\"https:\\\/\\\/www.peperoldan.com\\\/blog\\\/consejos-para-reservar-en-el-barranco-de-masca\\\/#primaryimage\"},\"image\":{\"@id\":\"https:\\\/\\\/www.peperoldan.com\\\/blog\\\/consejos-para-reservar-en-el-barranco-de-masca\\\/#primaryimage\"},\"thumbnailUrl\":\"https:\\\/\\\/i0.wp.com\\\/www.peperoldan.com\\\/blog\\\/wp-content\\\/uploads\\\/2024\\\/11\\\/pexels-photo-2418958.jpeg?fit=1880%2C1253&ssl=1\",\"datePublished\":\"2024-09-27T00:32:00+00:00\",\"dateModified\":\"2026-08-10T18:41:54+00:00\",\"description\":\"Gu\u00eda actualizada del Camino del Barranco de Masca: reserva, precio, guagua obligatoria desde Santiago del Teide, calzado y barco de vuelta.\",\"breadcrumb\":{\"@id\":\"https:\\\/\\\/www.peperoldan.com\\\/blog\\\/consejos-para-reservar-en-el-barranco-de-masca\\\/#breadcrumb\"},\"inLanguage\":\"es\",\"potentialAction\":[{\"@type\":\"ReadAction\",\"target\":[\"https:\\\/\\\/www.peperoldan.com\\\/blog\\\/consejos-para-reservar-en-el-barranco-de-masca\\\/\"]}]},{\"@type\":\"ImageObject\",\"inLanguage\":\"es\",\"@id\":\"https:\\\/\\\/www.peperoldan.com\\\/blog\\\/consejos-para-reservar-en-el-barranco-de-masca\\\/#primaryimage\",\"url\":\"https:\\\/\\\/i0.wp.com\\\/www.peperoldan.com\\\/blog\\\/wp-content\\\/uploads\\\/2024\\\/11\\\/pexels-photo-2418958.jpeg?fit=1880%2C1253&ssl=1\",\"contentUrl\":\"https:\\\/\\\/i0.wp.com\\\/www.peperoldan.com\\\/blog\\\/wp-content\\\/uploads\\\/2024\\\/11\\\/pexels-photo-2418958.jpeg?fit=1880%2C1253&ssl=1\",\"width\":1880,\"height\":1253,\"caption\":\"Consejos para Reservar en el Barranco de Masca\"},{\"@type\":\"BreadcrumbList\",\"@id\":\"https:\\\/\\\/www.peperoldan.com\\\/blog\\\/consejos-para-reservar-en-el-barranco-de-masca\\\/#breadcrumb\",\"itemListElement\":[{\"@type\":\"ListItem\",\"position\":1,\"name\":\"Portada\",\"item\":\"https:\\\/\\\/www.peperoldan.com\\\/blog\\\/\"},{\"@type\":\"ListItem\",\"position\":2,\"name\":\"Barranco de Masca: c\u00f3mo reservar y qu\u00e9 te piden para entrar\"}]},{\"@type\":\"WebSite\",\"@id\":\"https:\\\/\\\/www.peperoldan.com\\\/blog\\\/#website\",\"url\":\"https:\\\/\\\/www.peperoldan.com\\\/blog\\\/\",\"name\":\"El blog de Pepe Rold\u00e1n\",\"description\":\"Turismo | Ventas | Comunicaci\u00f3n\",\"publisher\":{\"@id\":\"https:\\\/\\\/www.peperoldan.com\\\/blog\\\/#\\\/schema\\\/person\\\/55b1e4372795cb86830f43a8d8446085\"},\"potentialAction\":[{\"@type\":\"SearchAction\",\"target\":{\"@type\":\"EntryPoint\",\"urlTemplate\":\"https:\\\/\\\/www.peperoldan.com\\\/blog\\\/?s={search_term_string}\"},\"query-input\":{\"@type\":\"PropertyValueSpecification\",\"valueRequired\":true,\"valueName\":\"search_term_string\"}}],\"inLanguage\":\"es\"},{\"@type\":[\"Person\",\"Organization\"],\"@id\":\"https:\\\/\\\/www.peperoldan.com\\\/blog\\\/#\\\/schema\\\/person\\\/55b1e4372795cb86830f43a8d8446085\",\"name\":\"Pepe Rold\u00e1n\",\"image\":{\"@type\":\"ImageObject\",\"inLanguage\":\"es\",\"@id\":\"\",\"url\":null,\"contentUrl\":null,\"width\":1024,\"height\":1024,\"caption\":\"Pepe Rold\u00e1n\"},\"logo\":{\"@id\":\"\"},\"description\":\"Toda aventura comienza con un s\u00ed. Apasionado por las ventas y la comunicaci\u00f3n, me encuentro inmerso en la b\u00fasqueda de nuevos desaf\u00edos en el sector tur\u00edstico de Tenerife. \u00bfLes gustar\u00eda acompa\u00f1arme en esta emocionante traves\u00eda?\",\"sameAs\":[\"https:\\\/\\\/www.peperoldan.com\\\/blog\"],\"url\":\"https:\\\/\\\/www.peperoldan.com\\\/blog\\\/author\\\/peperoldan\\\/\"}]}<\/script>\n<!-- \/ Yoast SEO plugin. -->","yoast_head_json":{"title":"Barranco de Masca: c\u00f3mo reservar y qu\u00e9 te piden para entrar - El blog de Pepe Rold\u00e1n","description":"Gu\u00eda actualizada del Camino del Barranco de Masca: reserva, precio, guagua obligatoria desde Santiago del Teide, calzado y barco de vuelta.","robots":{"index":"index","follow":"follow","max-snippet":"max-snippet:-1","max-image-preview":"max-image-preview:large","max-video-preview":"max-video-preview:-1"},"canonical":"https:\/\/www.peperoldan.com\/blog\/consejos-para-reservar-en-el-barranco-de-masca\/","og_locale":"es_ES","og_type":"article","og_title":"Barranco de Masca: c\u00f3mo reservar y qu\u00e9 te piden para entrar - El blog de Pepe Rold\u00e1n","og_description":"Gu\u00eda actualizada del Camino del Barranco de Masca: reserva, precio, guagua obligatoria desde Santiago del Teide, calzado y barco de vuelta.","og_url":"https:\/\/www.peperoldan.com\/blog\/consejos-para-reservar-en-el-barranco-de-masca\/","og_site_name":"El blog de Pepe Rold\u00e1n","article_published_time":"2024-09-27T00:32:00+00:00","article_modified_time":"2026-08-10T18:41:54+00:00","og_image":[{"width":1880,"height":1253,"url":"https:\/\/www.peperoldan.com\/blog\/wp-content\/uploads\/2024\/11\/pexels-photo-2418958.jpeg","type":"image\/jpeg"}],"author":"Pepe Rold\u00e1n","twitter_card":"summary_large_image","twitter_misc":{"Escrito por":"Pepe Rold\u00e1n","Tiempo de lectura":"6 minutos"},"schema":{"@context":"https:\/\/schema.org","@graph":[{"@type":"Article","@id":"https:\/\/www.peperoldan.com\/blog\/consejos-para-reservar-en-el-barranco-de-masca\/#article","isPartOf":{"@id":"https:\/\/www.peperoldan.com\/blog\/consejos-para-reservar-en-el-barranco-de-masca\/"},"author":{"name":"Pepe Rold\u00e1n","@id":"https:\/\/www.peperoldan.com\/blog\/#\/schema\/person\/55b1e4372795cb86830f43a8d8446085"},"headline":"Barranco de Masca: c\u00f3mo reservar y qu\u00e9 te piden para entrar","datePublished":"2024-09-27T00:32:00+00:00","dateModified":"2026-08-10T18:41:54+00:00","mainEntityOfPage":{"@id":"https:\/\/www.peperoldan.com\/blog\/consejos-para-reservar-en-el-barranco-de-masca\/"},"wordCount":1274,"commentCount":0,"publisher":{"@id":"https:\/\/www.peperoldan.com\/blog\/#\/schema\/person\/55b1e4372795cb86830f43a8d8446085"},"image":{"@id":"https:\/\/www.peperoldan.com\/blog\/consejos-para-reservar-en-el-barranco-de-masca\/#primaryimage"},"thumbnailUrl":"https:\/\/i0.wp.com\/www.peperoldan.com\/blog\/wp-content\/uploads\/2024\/11\/pexels-photo-2418958.jpeg?fit=1880%2C1253&ssl=1","keywords":["Gente","Masca","Recomendaciones","Tenerife"],"articleSection":["Turismo"],"inLanguage":"es","potentialAction":[{"@type":"CommentAction","name":"Comment","target":["https:\/\/www.peperoldan.com\/blog\/consejos-para-reservar-en-el-barranco-de-masca\/#respond"]}]},{"@type":"WebPage","@id":"https:\/\/www.peperoldan.com\/blog\/consejos-para-reservar-en-el-barranco-de-masca\/","url":"https:\/\/www.peperoldan.com\/blog\/consejos-para-reservar-en-el-barranco-de-masca\/","name":"Barranco de Masca: c\u00f3mo reservar y qu\u00e9 te piden para entrar - El blog de Pepe Rold\u00e1n","isPartOf":{"@id":"https:\/\/www.peperoldan.com\/blog\/#website"},"primaryImageOfPage":{"@id":"https:\/\/www.peperoldan.com\/blog\/consejos-para-reservar-en-el-barranco-de-masca\/#primaryimage"},"image":{"@id":"https:\/\/www.peperoldan.com\/blog\/consejos-para-reservar-en-el-barranco-de-masca\/#primaryimage"},"thumbnailUrl":"https:\/\/i0.wp.com\/www.peperoldan.com\/blog\/wp-content\/uploads\/2024\/11\/pexels-photo-2418958.jpeg?fit=1880%2C1253&ssl=1","datePublished":"2024-09-27T00:32:00+00:00","dateModified":"2026-08-10T18:41:54+00:00","description":"Gu\u00eda actualizada del Camino del Barranco de Masca: reserva, precio, guagua obligatoria desde Santiago del Teide, calzado y barco de vuelta.","breadcrumb":{"@id":"https:\/\/www.peperoldan.com\/blog\/consejos-para-reservar-en-el-barranco-de-masca\/#breadcrumb"},"inLanguage":"es","potentialAction":[{"@type":"ReadAction","target":["https:\/\/www.peperoldan.com\/blog\/consejos-para-reservar-en-el-barranco-de-masca\/"]}]},{"@type":"ImageObject","inLanguage":"es","@id":"https:\/\/www.peperoldan.com\/blog\/consejos-para-reservar-en-el-barranco-de-masca\/#primaryimage","url":"https:\/\/i0.wp.com\/www.peperoldan.com\/blog\/wp-content\/uploads\/2024\/11\/pexels-photo-2418958.jpeg?fit=1880%2C1253&ssl=1","contentUrl":"https:\/\/i0.wp.com\/www.peperoldan.com\/blog\/wp-content\/uploads\/2024\/11\/pexels-photo-2418958.jpeg?fit=1880%2C1253&ssl=1","width":1880,"height":1253,"caption":"Consejos para Reservar en el Barranco de Masca"},{"@type":"BreadcrumbList","@id":"https:\/\/www.peperoldan.com\/blog\/consejos-para-reservar-en-el-barranco-de-masca\/#breadcrumb","itemListElement":[{"@type":"ListItem","position":1,"name":"Portada","item":"https:\/\/www.peperoldan.com\/blog\/"},{"@type":"ListItem","position":2,"name":"Barranco de Masca: c\u00f3mo reservar y qu\u00e9 te piden para entrar"}]},{"@type":"WebSite","@id":"https:\/\/www.peperoldan.com\/blog\/#website","url":"https:\/\/www.peperoldan.com\/blog\/","name":"El blog de Pepe Rold\u00e1n","description":"Turismo | Ventas | Comunicaci\u00f3n","publisher":{"@id":"https:\/\/www.peperoldan.com\/blog\/#\/schema\/person\/55b1e4372795cb86830f43a8d8446085"},"potentialAction":[{"@type":"SearchAction","target":{"@type":"EntryPoint","urlTemplate":"https:\/\/www.peperoldan.com\/blog\/?s={search_term_string}"},"query-input":{"@type":"PropertyValueSpecification","valueRequired":true,"valueName":"search_term_string"}}],"inLanguage":"es"},{"@type":["Person","Organization"],"@id":"https:\/\/www.peperoldan.com\/blog\/#\/schema\/person\/55b1e4372795cb86830f43a8d8446085","name":"Pepe Rold\u00e1n","image":{"@type":"ImageObject","inLanguage":"es","@id":"","url":null,"contentUrl":null,"width":1024,"height":1024,"caption":"Pepe Rold\u00e1n"},"logo":{"@id":""},"description":"Toda aventura comienza con un s\u00ed. Apasionado por las ventas y la comunicaci\u00f3n, me encuentro inmerso en la b\u00fasqueda de nuevos desaf\u00edos en el sector tur\u00edstico de Tenerife. \u00bfLes gustar\u00eda acompa\u00f1arme en esta emocionante traves\u00eda?","sameAs":["https:\/\/www.peperoldan.com\/blog"],"url":"https:\/\/www.peperoldan.com\/blog\/author\/peperoldan\/"}]}},"jetpack_publicize_connections":[],"jetpack_sharing_enabled":true,"jetpack_likes_enabled":true,"jetpack_featured_media_url":"https:\/\/i0.wp.com\/www.peperoldan.com\/blog\/wp-content\/uploads\/2024\/11\/pexels-photo-2418958.jpeg?fit=1880%2C1253&ssl=1","_links":{"self":[{"href":"https:\/\/www.peperoldan.com\/blog\/wp-json\/wp\/v2\/posts\/24529","targetHints":{"allow":["GET"]}}],"collection":[{"href":"https:\/\/www.peperoldan.com\/blog\/wp-json\/wp\/v2\/posts"}],"about":[{"href":"https:\/\/www.peperoldan.com\/blog\/wp-json\/wp\/v2\/types\/post"}],"author":[{"embeddable":true,"href":"https:\/\/www.peperoldan.com\/blog\/wp-json\/wp\/v2\/users\/1"}],"replies":[{"embeddable":true,"href":"https:\/\/www.peperoldan.com\/blog\/wp-json\/wp\/v2\/comments?post=24529"}],"version-history":[{"count":5,"href":"https:\/\/www.peperoldan.com\/blog\/wp-json\/wp\/v2\/posts\/24529\/revisions"}],"predecessor-version":[{"id":24879,"href":"https:\/\/www.peperoldan.com\/blog\/wp-json\/wp\/v2\/posts\/24529\/revisions\/24879"}],"wp:featuredmedia":[{"embeddable":true,"href":"https:\/\/www.peperoldan.com\/blog\/wp-json\/wp\/v2\/media\/24532"}],"wp:attachment":[{"href":"https:\/\/www.peperoldan.com\/blog\/wp-json\/wp\/v2\/media?parent=24529"}],"wp:term":[{"taxonomy":"category","embeddable":true,"href":"https:\/\/www.peperoldan.com\/blog\/wp-json\/wp\/v2\/categories?post=24529"},{"taxonomy":"post_tag","embeddable":true,"href":"https:\/\/www.peperoldan.com\/blog\/wp-json\/wp\/v2\/tags?post=24529"}],"curies":[{"name":"wp","href":"https:\/\/api.w.org\/{rel}","templated":true}]}}