{"id":23126,"date":"2020-10-28T15:43:44","date_gmt":"2020-10-28T15:43:44","guid":{"rendered":"https:\/\/www.peperoldan.com\/blog\/?p=23126"},"modified":"2020-10-28T15:43:44","modified_gmt":"2020-10-28T15:43:44","slug":"exposicion-como-ningun-lugar-en-la-tierra","status":"publish","type":"post","link":"https:\/\/www.peperoldan.com\/blog\/exposicion-como-ningun-lugar-en-la-tierra\/","title":{"rendered":"Exposici\u00f3n \u00abComo ning\u00fan lugar en la tierra\u00bb"},"content":{"rendered":"\n<h2 class=\"wp-block-heading\">TEA Tenerife celebra el s\u00e1bado 31 de octubre dos visitas guiadas a la exposici\u00f3n Como ning\u00fan lugar en la Tierra. N\u00e9stor Delgado, el comisario de la muestra, estar\u00e1 al frente de estas visitas que tendr\u00e1n lugar a las 12:15 y a las 13:00 horas.<\/h2>\n\n\n\n<p><strong>TEA Tenerife Espacio de las Artes<\/strong>, ha organizado para este s\u00e1bado d\u00eda 31 dos visitas guiadas a\u00a0<em>Como ning\u00fan lugar en la Tierra;\u00a0<\/em>una exposici\u00f3n que sigue la huella del viaje como empresa econ\u00f3mica y el impacto localizado de la globalizaci\u00f3n en territorios de la regi\u00f3n atl\u00e1ntica. Estas visitas, que dar\u00e1n comienzo a las 12:15 y a las 13:00 horas, estar\u00e1n a cargo del comisario de la muestra, N\u00e9stor Delgado.<\/p>\n\n\n\n<div class=\"wp-block-buttons is-layout-flex wp-block-buttons-is-layout-flex\">\n<div class=\"wp-block-button\"><a class=\"wp-block-button__link has-vivid-cyan-blue-background-color has-background\" href=\"https:\/\/www.peperoldan.com\/blog\/tag\/tea\/\" target=\"_blank\" rel=\"noreferrer noopener\">No te pierdas nada de lo que pasa en TEA<\/a><\/div>\n<\/div>\n\n\n\n<p>Las personas interesadas en asistir a estas visitas, que son gratuitas pero con aforo limitado, deben inscribirse previamente enviando un correo a\u00a0<a href=\"mailto:tea@tenerife.es\" target=\"_blank\" rel=\"noreferrer noopener\">tea@tenerife.es<\/a>\u00a0<\/p>\n\n\n\n<p>Indicar\u00e1n nombre; un tel\u00e9fono de contacto y el n\u00famero del DNI. A partir de las 14:00 horas del viernes, las inscripciones (siempre y cuando queden plazas disponibles) y las cancelaciones de las reservas tendr\u00e1n que hacerse directamente en la taquilla del centro; bien de manera presencial o llamando al 922 84 90 90. Quienes asistan a estas actividades tendr\u00e1n que hacer uso de las mascarillas.<\/p>\n\n\n\n<p><em>Como ning\u00fan lugar en la Tierra,<\/em>\u00a0muestra que puede visitarse en\u00a0<strong><a href=\"https:\/\/teatenerife.es\/\" target=\"_blank\" rel=\"noreferrer noopener\">TEA<\/a><\/strong>\u00a0Tenerife hasta el 24 de enero de 2021, de martes a domingo de 12:00 a 20:00 horas, se pregunta por la imaginaci\u00f3n global generada desde estos peque\u00f1os lugares en los que se han enredado por siglos las rutas coloniales.<\/p>\n\n\n\n<p>La muestra presenta obra de Irene de Andr\u00e9s, Teresa Arozena, Mike Batista, Guillermo Boehler, Virginia Colwell, Juan Ismael, Marine Hugonnier, Sof\u00eda Gallis\u00e1 Muriente, Engel Leonardo, Joiri Minaya, Abraham River\u00f3n y Juan Jos\u00e9 Valencia &amp; Lena Pe\u00f1ate. Algunas de estas piezas se muestran al p\u00fablico por primera vez y otras son traslaciones de trabajos de investigaci\u00f3n desarrollados en los \u00faltimos a\u00f1os.<\/p>\n","protected":false},"excerpt":{"rendered":"<p>TEA Tenerife celebra el s\u00e1bado 31 de octubre dos visitas guiadas a la exposici\u00f3n Como ning\u00fan lugar en la Tierra. N\u00e9stor Delgado, el comisario de la muestra, estar\u00e1 al frente de estas visitas que tendr\u00e1n lugar a las 12:15 y a las 13:00 horas. TEA Tenerife Espacio de las Artes, ha organizado para este s\u00e1bado [&hellip;]<\/p>\n","protected":false},"author":1,"featured_media":23127,"comment_status":"open","ping_status":"open","sticky":false,"template":"","format":"standard","meta":{"jetpack_post_was_ever_published":false,"_jetpack_newsletter_access":"","_jetpack_dont_email_post_to_subs":false,"_jetpack_newsletter_tier_id":0,"_jetpack_memberships_contains_paywalled_content":false,"_jetpack_memberships_contains_paid_content":false,"footnotes":""},"categories":[4],"tags":[43,79,84,88],"class_list":["post-23126","post","type-post","status-publish","format-standard","has-post-thumbnail","hentry","category-noticias","tag-fotografia","tag-santacruz","tag-tea","tag-tenerife"],"yoast_head":"<!-- This site is optimized with the Yoast SEO plugin v27.4 - https:\/\/yoast.com\/product\/yoast-seo-wordpress\/ -->\n<title>Exposici\u00f3n &quot;Como ning\u00fan lugar en la tierra&quot; - El blog de Pepe Rold\u00e1n<\/title>\n<meta name=\"description\" content=\"TEA Tenerife celebra el s\u00e1bado 31 de octubre dos visitas guiadas a la exposici\u00f3n Como ning\u00fan lugar en la Tierra, al frente de N\u00e9stor Delgado.\" \/>\n<meta name=\"robots\" content=\"index, follow, max-snippet:-1, max-image-preview:large, max-video-preview:-1\" \/>\n<link rel=\"canonical\" href=\"https:\/\/www.peperoldan.com\/blog\/exposicion-como-ningun-lugar-en-la-tierra\/\" \/>\n<meta property=\"og:locale\" content=\"es_ES\" \/>\n<meta property=\"og:type\" content=\"article\" \/>\n<meta property=\"og:title\" content=\"Exposici\u00f3n &quot;Como ning\u00fan lugar en la tierra&quot; - El blog de Pepe Rold\u00e1n\" \/>\n<meta property=\"og:description\" content=\"TEA Tenerife celebra el s\u00e1bado 31 de octubre dos visitas guiadas a la exposici\u00f3n Como ning\u00fan lugar en la Tierra, al frente de N\u00e9stor Delgado.\" \/>\n<meta property=\"og:url\" content=\"https:\/\/www.peperoldan.com\/blog\/exposicion-como-ningun-lugar-en-la-tierra\/\" \/>\n<meta property=\"og:site_name\" content=\"El blog de Pepe Rold\u00e1n\" \/>\n<meta property=\"article:published_time\" content=\"2020-10-28T15:43:44+00:00\" \/>\n<meta name=\"author\" content=\"Pepe Rold\u00e1n\" \/>\n<meta name=\"twitter:card\" content=\"summary_large_image\" \/>\n<meta name=\"twitter:label1\" content=\"Escrito por\" \/>\n\t<meta name=\"twitter:data1\" content=\"Pepe Rold\u00e1n\" \/>\n\t<meta name=\"twitter:label2\" content=\"Tiempo de lectura\" \/>\n\t<meta name=\"twitter:data2\" content=\"2 minutos\" \/>\n<script type=\"application\/ld+json\" class=\"yoast-schema-graph\">{\"@context\":\"https:\\\/\\\/schema.org\",\"@graph\":[{\"@type\":\"Article\",\"@id\":\"https:\\\/\\\/www.peperoldan.com\\\/blog\\\/exposicion-como-ningun-lugar-en-la-tierra\\\/#article\",\"isPartOf\":{\"@id\":\"https:\\\/\\\/www.peperoldan.com\\\/blog\\\/exposicion-como-ningun-lugar-en-la-tierra\\\/\"},\"author\":{\"name\":\"Pepe Rold\u00e1n\",\"@id\":\"https:\\\/\\\/www.peperoldan.com\\\/blog\\\/#\\\/schema\\\/person\\\/55b1e4372795cb86830f43a8d8446085\"},\"headline\":\"Exposici\u00f3n \u00abComo ning\u00fan lugar en la tierra\u00bb\",\"datePublished\":\"2020-10-28T15:43:44+00:00\",\"mainEntityOfPage\":{\"@id\":\"https:\\\/\\\/www.peperoldan.com\\\/blog\\\/exposicion-como-ningun-lugar-en-la-tierra\\\/\"},\"wordCount\":350,\"commentCount\":0,\"publisher\":{\"@id\":\"https:\\\/\\\/www.peperoldan.com\\\/blog\\\/#\\\/schema\\\/person\\\/55b1e4372795cb86830f43a8d8446085\"},\"image\":{\"@id\":\"https:\\\/\\\/www.peperoldan.com\\\/blog\\\/exposicion-como-ningun-lugar-en-la-tierra\\\/#primaryimage\"},\"thumbnailUrl\":\"\",\"keywords\":[\"Fotograf\u00eda\",\"Santa Cruz de Tenerife\",\"TEA\",\"Tenerife\"],\"articleSection\":[\"Noticias\"],\"inLanguage\":\"es\",\"potentialAction\":[{\"@type\":\"CommentAction\",\"name\":\"Comment\",\"target\":[\"https:\\\/\\\/www.peperoldan.com\\\/blog\\\/exposicion-como-ningun-lugar-en-la-tierra\\\/#respond\"]}]},{\"@type\":\"WebPage\",\"@id\":\"https:\\\/\\\/www.peperoldan.com\\\/blog\\\/exposicion-como-ningun-lugar-en-la-tierra\\\/\",\"url\":\"https:\\\/\\\/www.peperoldan.com\\\/blog\\\/exposicion-como-ningun-lugar-en-la-tierra\\\/\",\"name\":\"Exposici\u00f3n \\\"Como ning\u00fan lugar en la tierra\\\" - El blog de Pepe Rold\u00e1n\",\"isPartOf\":{\"@id\":\"https:\\\/\\\/www.peperoldan.com\\\/blog\\\/#website\"},\"primaryImageOfPage\":{\"@id\":\"https:\\\/\\\/www.peperoldan.com\\\/blog\\\/exposicion-como-ningun-lugar-en-la-tierra\\\/#primaryimage\"},\"image\":{\"@id\":\"https:\\\/\\\/www.peperoldan.com\\\/blog\\\/exposicion-como-ningun-lugar-en-la-tierra\\\/#primaryimage\"},\"thumbnailUrl\":\"\",\"datePublished\":\"2020-10-28T15:43:44+00:00\",\"description\":\"TEA Tenerife celebra el s\u00e1bado 31 de octubre dos visitas guiadas a la exposici\u00f3n Como ning\u00fan lugar en la Tierra, al frente de N\u00e9stor Delgado.\",\"breadcrumb\":{\"@id\":\"https:\\\/\\\/www.peperoldan.com\\\/blog\\\/exposicion-como-ningun-lugar-en-la-tierra\\\/#breadcrumb\"},\"inLanguage\":\"es\",\"potentialAction\":[{\"@type\":\"ReadAction\",\"target\":[\"https:\\\/\\\/www.peperoldan.com\\\/blog\\\/exposicion-como-ningun-lugar-en-la-tierra\\\/\"]}]},{\"@type\":\"ImageObject\",\"inLanguage\":\"es\",\"@id\":\"https:\\\/\\\/www.peperoldan.com\\\/blog\\\/exposicion-como-ningun-lugar-en-la-tierra\\\/#primaryimage\",\"url\":\"\",\"contentUrl\":\"\"},{\"@type\":\"BreadcrumbList\",\"@id\":\"https:\\\/\\\/www.peperoldan.com\\\/blog\\\/exposicion-como-ningun-lugar-en-la-tierra\\\/#breadcrumb\",\"itemListElement\":[{\"@type\":\"ListItem\",\"position\":1,\"name\":\"Portada\",\"item\":\"https:\\\/\\\/www.peperoldan.com\\\/blog\\\/\"},{\"@type\":\"ListItem\",\"position\":2,\"name\":\"Exposici\u00f3n \u00abComo ning\u00fan lugar en la tierra\u00bb\"}]},{\"@type\":\"WebSite\",\"@id\":\"https:\\\/\\\/www.peperoldan.com\\\/blog\\\/#website\",\"url\":\"https:\\\/\\\/www.peperoldan.com\\\/blog\\\/\",\"name\":\"El blog de Pepe Rold\u00e1n\",\"description\":\"Turismo | Ventas | Comunicaci\u00f3n\",\"publisher\":{\"@id\":\"https:\\\/\\\/www.peperoldan.com\\\/blog\\\/#\\\/schema\\\/person\\\/55b1e4372795cb86830f43a8d8446085\"},\"potentialAction\":[{\"@type\":\"SearchAction\",\"target\":{\"@type\":\"EntryPoint\",\"urlTemplate\":\"https:\\\/\\\/www.peperoldan.com\\\/blog\\\/?s={search_term_string}\"},\"query-input\":{\"@type\":\"PropertyValueSpecification\",\"valueRequired\":true,\"valueName\":\"search_term_string\"}}],\"inLanguage\":\"es\"},{\"@type\":[\"Person\",\"Organization\"],\"@id\":\"https:\\\/\\\/www.peperoldan.com\\\/blog\\\/#\\\/schema\\\/person\\\/55b1e4372795cb86830f43a8d8446085\",\"name\":\"Pepe Rold\u00e1n\",\"image\":{\"@type\":\"ImageObject\",\"inLanguage\":\"es\",\"@id\":\"\",\"url\":null,\"contentUrl\":null,\"width\":1024,\"height\":1024,\"caption\":\"Pepe Rold\u00e1n\"},\"logo\":{\"@id\":\"\"},\"description\":\"Toda aventura comienza con un s\u00ed. Apasionado por las ventas y la comunicaci\u00f3n, me encuentro inmerso en la b\u00fasqueda de nuevos desaf\u00edos en el sector tur\u00edstico de Tenerife. \u00bfLes gustar\u00eda acompa\u00f1arme en esta emocionante traves\u00eda?\",\"sameAs\":[\"https:\\\/\\\/www.peperoldan.com\\\/blog\"],\"url\":\"https:\\\/\\\/www.peperoldan.com\\\/blog\\\/author\\\/peperoldan\\\/\"}]}<\/script>\n<!-- \/ Yoast SEO plugin. -->","yoast_head_json":{"title":"Exposici\u00f3n \"Como ning\u00fan lugar en la tierra\" - El blog de Pepe Rold\u00e1n","description":"TEA Tenerife celebra el s\u00e1bado 31 de octubre dos visitas guiadas a la exposici\u00f3n Como ning\u00fan lugar en la Tierra, al frente de N\u00e9stor Delgado.","robots":{"index":"index","follow":"follow","max-snippet":"max-snippet:-1","max-image-preview":"max-image-preview:large","max-video-preview":"max-video-preview:-1"},"canonical":"https:\/\/www.peperoldan.com\/blog\/exposicion-como-ningun-lugar-en-la-tierra\/","og_locale":"es_ES","og_type":"article","og_title":"Exposici\u00f3n \"Como ning\u00fan lugar en la tierra\" - El blog de Pepe Rold\u00e1n","og_description":"TEA Tenerife celebra el s\u00e1bado 31 de octubre dos visitas guiadas a la exposici\u00f3n Como ning\u00fan lugar en la Tierra, al frente de N\u00e9stor Delgado.","og_url":"https:\/\/www.peperoldan.com\/blog\/exposicion-como-ningun-lugar-en-la-tierra\/","og_site_name":"El blog de Pepe Rold\u00e1n","article_published_time":"2020-10-28T15:43:44+00:00","author":"Pepe Rold\u00e1n","twitter_card":"summary_large_image","twitter_misc":{"Escrito por":"Pepe Rold\u00e1n","Tiempo de lectura":"2 minutos"},"schema":{"@context":"https:\/\/schema.org","@graph":[{"@type":"Article","@id":"https:\/\/www.peperoldan.com\/blog\/exposicion-como-ningun-lugar-en-la-tierra\/#article","isPartOf":{"@id":"https:\/\/www.peperoldan.com\/blog\/exposicion-como-ningun-lugar-en-la-tierra\/"},"author":{"name":"Pepe Rold\u00e1n","@id":"https:\/\/www.peperoldan.com\/blog\/#\/schema\/person\/55b1e4372795cb86830f43a8d8446085"},"headline":"Exposici\u00f3n \u00abComo ning\u00fan lugar en la tierra\u00bb","datePublished":"2020-10-28T15:43:44+00:00","mainEntityOfPage":{"@id":"https:\/\/www.peperoldan.com\/blog\/exposicion-como-ningun-lugar-en-la-tierra\/"},"wordCount":350,"commentCount":0,"publisher":{"@id":"https:\/\/www.peperoldan.com\/blog\/#\/schema\/person\/55b1e4372795cb86830f43a8d8446085"},"image":{"@id":"https:\/\/www.peperoldan.com\/blog\/exposicion-como-ningun-lugar-en-la-tierra\/#primaryimage"},"thumbnailUrl":"","keywords":["Fotograf\u00eda","Santa Cruz de Tenerife","TEA","Tenerife"],"articleSection":["Noticias"],"inLanguage":"es","potentialAction":[{"@type":"CommentAction","name":"Comment","target":["https:\/\/www.peperoldan.com\/blog\/exposicion-como-ningun-lugar-en-la-tierra\/#respond"]}]},{"@type":"WebPage","@id":"https:\/\/www.peperoldan.com\/blog\/exposicion-como-ningun-lugar-en-la-tierra\/","url":"https:\/\/www.peperoldan.com\/blog\/exposicion-como-ningun-lugar-en-la-tierra\/","name":"Exposici\u00f3n \"Como ning\u00fan lugar en la tierra\" - El blog de Pepe Rold\u00e1n","isPartOf":{"@id":"https:\/\/www.peperoldan.com\/blog\/#website"},"primaryImageOfPage":{"@id":"https:\/\/www.peperoldan.com\/blog\/exposicion-como-ningun-lugar-en-la-tierra\/#primaryimage"},"image":{"@id":"https:\/\/www.peperoldan.com\/blog\/exposicion-como-ningun-lugar-en-la-tierra\/#primaryimage"},"thumbnailUrl":"","datePublished":"2020-10-28T15:43:44+00:00","description":"TEA Tenerife celebra el s\u00e1bado 31 de octubre dos visitas guiadas a la exposici\u00f3n Como ning\u00fan lugar en la Tierra, al frente de N\u00e9stor Delgado.","breadcrumb":{"@id":"https:\/\/www.peperoldan.com\/blog\/exposicion-como-ningun-lugar-en-la-tierra\/#breadcrumb"},"inLanguage":"es","potentialAction":[{"@type":"ReadAction","target":["https:\/\/www.peperoldan.com\/blog\/exposicion-como-ningun-lugar-en-la-tierra\/"]}]},{"@type":"ImageObject","inLanguage":"es","@id":"https:\/\/www.peperoldan.com\/blog\/exposicion-como-ningun-lugar-en-la-tierra\/#primaryimage","url":"","contentUrl":""},{"@type":"BreadcrumbList","@id":"https:\/\/www.peperoldan.com\/blog\/exposicion-como-ningun-lugar-en-la-tierra\/#breadcrumb","itemListElement":[{"@type":"ListItem","position":1,"name":"Portada","item":"https:\/\/www.peperoldan.com\/blog\/"},{"@type":"ListItem","position":2,"name":"Exposici\u00f3n \u00abComo ning\u00fan lugar en la tierra\u00bb"}]},{"@type":"WebSite","@id":"https:\/\/www.peperoldan.com\/blog\/#website","url":"https:\/\/www.peperoldan.com\/blog\/","name":"El blog de Pepe Rold\u00e1n","description":"Turismo | Ventas | Comunicaci\u00f3n","publisher":{"@id":"https:\/\/www.peperoldan.com\/blog\/#\/schema\/person\/55b1e4372795cb86830f43a8d8446085"},"potentialAction":[{"@type":"SearchAction","target":{"@type":"EntryPoint","urlTemplate":"https:\/\/www.peperoldan.com\/blog\/?s={search_term_string}"},"query-input":{"@type":"PropertyValueSpecification","valueRequired":true,"valueName":"search_term_string"}}],"inLanguage":"es"},{"@type":["Person","Organization"],"@id":"https:\/\/www.peperoldan.com\/blog\/#\/schema\/person\/55b1e4372795cb86830f43a8d8446085","name":"Pepe Rold\u00e1n","image":{"@type":"ImageObject","inLanguage":"es","@id":"","url":null,"contentUrl":null,"width":1024,"height":1024,"caption":"Pepe Rold\u00e1n"},"logo":{"@id":""},"description":"Toda aventura comienza con un s\u00ed. Apasionado por las ventas y la comunicaci\u00f3n, me encuentro inmerso en la b\u00fasqueda de nuevos desaf\u00edos en el sector tur\u00edstico de Tenerife. \u00bfLes gustar\u00eda acompa\u00f1arme en esta emocionante traves\u00eda?","sameAs":["https:\/\/www.peperoldan.com\/blog"],"url":"https:\/\/www.peperoldan.com\/blog\/author\/peperoldan\/"}]}},"jetpack_featured_media_url":"","jetpack_sharing_enabled":true,"jetpack_likes_enabled":true,"_links":{"self":[{"href":"https:\/\/www.peperoldan.com\/blog\/wp-json\/wp\/v2\/posts\/23126","targetHints":{"allow":["GET"]}}],"collection":[{"href":"https:\/\/www.peperoldan.com\/blog\/wp-json\/wp\/v2\/posts"}],"about":[{"href":"https:\/\/www.peperoldan.com\/blog\/wp-json\/wp\/v2\/types\/post"}],"author":[{"embeddable":true,"href":"https:\/\/www.peperoldan.com\/blog\/wp-json\/wp\/v2\/users\/1"}],"replies":[{"embeddable":true,"href":"https:\/\/www.peperoldan.com\/blog\/wp-json\/wp\/v2\/comments?post=23126"}],"version-history":[{"count":0,"href":"https:\/\/www.peperoldan.com\/blog\/wp-json\/wp\/v2\/posts\/23126\/revisions"}],"wp:featuredmedia":[{"embeddable":true,"href":"https:\/\/www.peperoldan.com\/blog\/wp-json\/"}],"wp:attachment":[{"href":"https:\/\/www.peperoldan.com\/blog\/wp-json\/wp\/v2\/media?parent=23126"}],"wp:term":[{"taxonomy":"category","embeddable":true,"href":"https:\/\/www.peperoldan.com\/blog\/wp-json\/wp\/v2\/categories?post=23126"},{"taxonomy":"post_tag","embeddable":true,"href":"https:\/\/www.peperoldan.com\/blog\/wp-json\/wp\/v2\/tags?post=23126"}],"curies":[{"name":"wp","href":"https:\/\/api.w.org\/{rel}","templated":true}]}}