{"id":23093,"date":"2020-10-27T13:40:06","date_gmt":"2020-10-27T13:40:06","guid":{"rendered":"https:\/\/www.peperoldan.com\/blog\/?p=23093"},"modified":"2020-10-27T13:40:06","modified_gmt":"2020-10-27T13:40:06","slug":"ciclo-dialogos-de-tea-tenerife","status":"publish","type":"post","link":"https:\/\/www.peperoldan.com\/blog\/ciclo-dialogos-de-tea-tenerife\/","title":{"rendered":"Ciclo Di\u00e1logos de TEA Tenerife"},"content":{"rendered":"\n<h2 class=\"wp-block-heading\">TEA Tenerife celebra este jueves d\u00eda 29, a las 19:00 horas, un nuevo encuentro de\u00a0<em>Di\u00e1logos<\/em>; un ciclo con artistas presentes en la\u00a0Colecci\u00f3n del Centro de Fotograf\u00eda Isla de Tenerife. Se acercar\u00e1 al p\u00fablico el trabajo de artistas que ayudar\u00e1 a entender el valor de las distintas colecciones de fotograf\u00eda en\u00a0TEA.<\/h2>\n\n\n\n<p>En esta ocasi\u00f3n,\u00a0<em>Di\u00e1logos TEA\u00a0<\/em>contar\u00e1 con la participaci\u00f3n de Alejandro Togores (Tenerife, 1945) que conversar\u00e1 con Antonio Vela (Tenerife, 1952); sobre su trayectoria art\u00edstica y su visi\u00f3n de la fotograf\u00eda.<\/p>\n\n\n\n<blockquote class=\"wp-block-quote is-layout-flow wp-block-quote-is-layout-flow\"><p>La entrada para asistir a esta actividad es gratuita; pero requiere de reserva previa enviando un correo a\u00a0<a href=\"mailto:tea@tenerife.es\" target=\"_blank\" rel=\"noreferrer noopener\">tea@tenerife.es<\/a>\u00a0indicando nombre, contacto y n\u00famero de DNI. El aforo est\u00e1 limitado y las personas que asistan deber\u00e1n hacer uso de mascarillas.<\/p><\/blockquote>\n\n\n\n<h3 class=\"wp-block-heading\">Alejandro Togores Sosa es periodista, artista pl\u00e1stico, conferenciante, realizador y guionista de documentos audiovisuales. <\/h3>\n\n\n\n<p>Miembro de la Academia de las Ciencias y las Artes de Televisi\u00f3n. Como artista pl\u00e1stico ha realizado m\u00e1s de veinte exposiciones individuales y participado en m\u00e1s de setenta colectivas.<\/p>\n\n\n\n<p> Su obra se encuentra en varios museos del territorio espa\u00f1ol y en distintas colecciones privadas de varios pa\u00edses. A lo largo de su trayectoria se le han concedido premios como el de la V Bienal de Artes de Ibiza o el Premio Regional de Pintura Ciudad de La Laguna de 1972.<\/p>\n\n\n\n<div class=\"wp-block-buttons is-layout-flex wp-block-buttons-is-layout-flex\">\n<div class=\"wp-block-button\"><a class=\"wp-block-button__link has-vivid-cyan-blue-background-color has-background\" href=\"https:\/\/www.peperoldan.com\/blog\/naturajazz-2020\/\" target=\"_blank\" rel=\"noreferrer noopener\">Naturajazz 2020<\/a><\/div>\n<\/div>\n\n\n\n<p>Entre sus exposiciones fotogr\u00e1ficas se encuentran\u00a0<em>Lo blanco como inspiraci\u00f3n<\/em>\u00a0(Ateneo de La Laguna, 1966); <em>La Luz I<\/em>\u00a0(Ateneo de La Laguna; Fotonoviembre, 2007);\u00a0<em>Mart\u00edn Chirino, el herrero fabulador<\/em>\u00a0(Parlamento de Canarias en Fotonoviembre, 2015) o\u00a0<em>Mart\u00edn Chirino; el herrero fabulador 2<\/em>\u00a0(Fundaci\u00f3n de Arte y Pensamiento Mart\u00edn Chirino, Las Palmas de Gran Canaria, 2016).<\/p>\n\n\n\n<p>Togores fue adem\u00e1s redactor de Televisi\u00f3n Espa\u00f1ola y director de programas culturales entre 1987 y 2005. En esos a\u00f1os tambi\u00e9n escribi\u00f3 los guiones y dirigi\u00f3 las series documentales\u00a0<em>Nuestra Tierra\u00a0<\/em>y<em>\u00a0Nuevos Tiempos<\/em>. Actualmente dirige la asociaci\u00f3n ALOE y, dentro de ella, el proyecto <a href=\"http:\/\/www.aica.tv\" target=\"_blank\" rel=\"noreferrer noopener\">www.aica.tv<\/a>, en el que se reflexiona sobre el lenguaje audiovisual y la necesidad de conocerlo para poder interpretar adecuadamente los mensajes que se reciben por este medio. Fascinado por lo que supuso el logro humano de poder realizar im\u00e1genes iguales y repetidas, como artista pl\u00e1stico realiz\u00f3 series de grabados, especialmente gofrados.<\/p>\n\n\n\n<h3 class=\"wp-block-heading\">Antonio Vela de la Torre inici\u00f3 en 1970 su acercamiento a distintos \u00e1mbitos de la fotograf\u00eda; particip\u00f3 como autor en m\u00faltiples exposiciones y en la organizaci\u00f3n de otras iniciativas en torno a la misma. <\/h3>\n\n\n\n<p>Ha impartido varios talleres y comunicaciones sobre diferentes aspectos de la imagen fotogr\u00e1fica, colaborando en diversos art\u00edculos y otras actividades especializadas. En 1989 inici\u00f3 programas de recuperaci\u00f3n, conservaci\u00f3n y difusi\u00f3n del patrimonio fotogr\u00e1fico para el Cabildo de Tenerife.<\/p>\n\n\n\n<p>Asimismo, Vela ha comisariado y coordinado numerosas muestras, y ha participado como jurado en m\u00faltiples ocasiones a nivel local e internacional. Desde 1993 a 2015; dirigi\u00f3 el Festival Internacional de Fotograf\u00eda de Tenerife, Fotonoviembre, y desde 1996 a 2016 fue el conservador y director del\u00a0<strong>Centro de Fotograf\u00eda Isla de Tenerife. Cabildo de Tenerife<\/strong>.<\/p>\n\n\n\n<p>Fuente: <a href=\"http:\/\/www.diariodetenerife.info\/\" target=\"_blank\" rel=\"noreferrer noopener\">Diario de Tenerife<\/a><\/p>\n","protected":false},"excerpt":{"rendered":"<p>TEA Tenerife celebra este jueves d\u00eda 29, a las 19:00 horas, un nuevo encuentro de\u00a0Di\u00e1logos; un ciclo con artistas presentes en la\u00a0Colecci\u00f3n del Centro de Fotograf\u00eda Isla de Tenerife. Se acercar\u00e1 al p\u00fablico el trabajo de artistas que ayudar\u00e1 a entender el valor de las distintas colecciones de fotograf\u00eda en\u00a0TEA. En esta ocasi\u00f3n,\u00a0Di\u00e1logos TEA\u00a0contar\u00e1 con [&hellip;]<\/p>\n","protected":false},"author":1,"featured_media":23095,"comment_status":"open","ping_status":"open","sticky":false,"template":"","format":"standard","meta":{"jetpack_post_was_ever_published":false,"_jetpack_newsletter_access":"","_jetpack_dont_email_post_to_subs":false,"_jetpack_newsletter_tier_id":0,"_jetpack_memberships_contains_paywalled_content":false,"_jetpack_memberships_contains_paid_content":false,"footnotes":""},"categories":[4],"tags":[43,79,84],"class_list":["post-23093","post","type-post","status-publish","format-standard","has-post-thumbnail","hentry","category-noticias","tag-fotografia","tag-santacruz","tag-tea"],"yoast_head":"<!-- This site is optimized with the Yoast SEO plugin v27.4 - https:\/\/yoast.com\/product\/yoast-seo-wordpress\/ -->\n<title>Ciclo Di\u00e1logos de TEA Tenerife - El blog de Pepe Rold\u00e1n<\/title>\n<meta name=\"description\" content=\"Di\u00e1logos TEA contar\u00e1 con la participaci\u00f3n de Alejandro Togores, que conversar\u00e1 con Antonio Vela sobre su trayectoria art\u00edstica.\" \/>\n<meta name=\"robots\" content=\"index, follow, max-snippet:-1, max-image-preview:large, max-video-preview:-1\" \/>\n<link rel=\"canonical\" href=\"https:\/\/www.peperoldan.com\/blog\/ciclo-dialogos-de-tea-tenerife\/\" \/>\n<meta property=\"og:locale\" content=\"es_ES\" \/>\n<meta property=\"og:type\" content=\"article\" \/>\n<meta property=\"og:title\" content=\"Ciclo Di\u00e1logos de TEA Tenerife - El blog de Pepe Rold\u00e1n\" \/>\n<meta property=\"og:description\" content=\"Di\u00e1logos TEA contar\u00e1 con la participaci\u00f3n de Alejandro Togores, que conversar\u00e1 con Antonio Vela sobre su trayectoria art\u00edstica.\" \/>\n<meta property=\"og:url\" content=\"https:\/\/www.peperoldan.com\/blog\/ciclo-dialogos-de-tea-tenerife\/\" \/>\n<meta property=\"og:site_name\" content=\"El blog de Pepe Rold\u00e1n\" \/>\n<meta property=\"article:published_time\" content=\"2020-10-27T13:40:06+00:00\" \/>\n<meta name=\"author\" content=\"Pepe Rold\u00e1n\" \/>\n<meta name=\"twitter:card\" content=\"summary_large_image\" \/>\n<meta name=\"twitter:label1\" content=\"Escrito por\" \/>\n\t<meta name=\"twitter:data1\" content=\"Pepe Rold\u00e1n\" \/>\n\t<meta name=\"twitter:label2\" content=\"Tiempo de lectura\" \/>\n\t<meta name=\"twitter:data2\" content=\"3 minutos\" \/>\n<script type=\"application\/ld+json\" class=\"yoast-schema-graph\">{\"@context\":\"https:\\\/\\\/schema.org\",\"@graph\":[{\"@type\":\"Article\",\"@id\":\"https:\\\/\\\/www.peperoldan.com\\\/blog\\\/ciclo-dialogos-de-tea-tenerife\\\/#article\",\"isPartOf\":{\"@id\":\"https:\\\/\\\/www.peperoldan.com\\\/blog\\\/ciclo-dialogos-de-tea-tenerife\\\/\"},\"author\":{\"name\":\"Pepe Rold\u00e1n\",\"@id\":\"https:\\\/\\\/www.peperoldan.com\\\/blog\\\/#\\\/schema\\\/person\\\/55b1e4372795cb86830f43a8d8446085\"},\"headline\":\"Ciclo Di\u00e1logos de TEA Tenerife\",\"datePublished\":\"2020-10-27T13:40:06+00:00\",\"mainEntityOfPage\":{\"@id\":\"https:\\\/\\\/www.peperoldan.com\\\/blog\\\/ciclo-dialogos-de-tea-tenerife\\\/\"},\"wordCount\":538,\"commentCount\":0,\"publisher\":{\"@id\":\"https:\\\/\\\/www.peperoldan.com\\\/blog\\\/#\\\/schema\\\/person\\\/55b1e4372795cb86830f43a8d8446085\"},\"image\":{\"@id\":\"https:\\\/\\\/www.peperoldan.com\\\/blog\\\/ciclo-dialogos-de-tea-tenerife\\\/#primaryimage\"},\"thumbnailUrl\":\"\",\"keywords\":[\"Fotograf\u00eda\",\"Santa Cruz de Tenerife\",\"TEA\"],\"articleSection\":[\"Noticias\"],\"inLanguage\":\"es\",\"potentialAction\":[{\"@type\":\"CommentAction\",\"name\":\"Comment\",\"target\":[\"https:\\\/\\\/www.peperoldan.com\\\/blog\\\/ciclo-dialogos-de-tea-tenerife\\\/#respond\"]}]},{\"@type\":\"WebPage\",\"@id\":\"https:\\\/\\\/www.peperoldan.com\\\/blog\\\/ciclo-dialogos-de-tea-tenerife\\\/\",\"url\":\"https:\\\/\\\/www.peperoldan.com\\\/blog\\\/ciclo-dialogos-de-tea-tenerife\\\/\",\"name\":\"Ciclo Di\u00e1logos de TEA Tenerife - El blog de Pepe Rold\u00e1n\",\"isPartOf\":{\"@id\":\"https:\\\/\\\/www.peperoldan.com\\\/blog\\\/#website\"},\"primaryImageOfPage\":{\"@id\":\"https:\\\/\\\/www.peperoldan.com\\\/blog\\\/ciclo-dialogos-de-tea-tenerife\\\/#primaryimage\"},\"image\":{\"@id\":\"https:\\\/\\\/www.peperoldan.com\\\/blog\\\/ciclo-dialogos-de-tea-tenerife\\\/#primaryimage\"},\"thumbnailUrl\":\"\",\"datePublished\":\"2020-10-27T13:40:06+00:00\",\"description\":\"Di\u00e1logos TEA contar\u00e1 con la participaci\u00f3n de Alejandro Togores, que conversar\u00e1 con Antonio Vela sobre su trayectoria art\u00edstica.\",\"breadcrumb\":{\"@id\":\"https:\\\/\\\/www.peperoldan.com\\\/blog\\\/ciclo-dialogos-de-tea-tenerife\\\/#breadcrumb\"},\"inLanguage\":\"es\",\"potentialAction\":[{\"@type\":\"ReadAction\",\"target\":[\"https:\\\/\\\/www.peperoldan.com\\\/blog\\\/ciclo-dialogos-de-tea-tenerife\\\/\"]}]},{\"@type\":\"ImageObject\",\"inLanguage\":\"es\",\"@id\":\"https:\\\/\\\/www.peperoldan.com\\\/blog\\\/ciclo-dialogos-de-tea-tenerife\\\/#primaryimage\",\"url\":\"\",\"contentUrl\":\"\"},{\"@type\":\"BreadcrumbList\",\"@id\":\"https:\\\/\\\/www.peperoldan.com\\\/blog\\\/ciclo-dialogos-de-tea-tenerife\\\/#breadcrumb\",\"itemListElement\":[{\"@type\":\"ListItem\",\"position\":1,\"name\":\"Portada\",\"item\":\"https:\\\/\\\/www.peperoldan.com\\\/blog\\\/\"},{\"@type\":\"ListItem\",\"position\":2,\"name\":\"Ciclo Di\u00e1logos de TEA Tenerife\"}]},{\"@type\":\"WebSite\",\"@id\":\"https:\\\/\\\/www.peperoldan.com\\\/blog\\\/#website\",\"url\":\"https:\\\/\\\/www.peperoldan.com\\\/blog\\\/\",\"name\":\"El blog de Pepe Rold\u00e1n\",\"description\":\"Turismo | Ventas | Comunicaci\u00f3n\",\"publisher\":{\"@id\":\"https:\\\/\\\/www.peperoldan.com\\\/blog\\\/#\\\/schema\\\/person\\\/55b1e4372795cb86830f43a8d8446085\"},\"potentialAction\":[{\"@type\":\"SearchAction\",\"target\":{\"@type\":\"EntryPoint\",\"urlTemplate\":\"https:\\\/\\\/www.peperoldan.com\\\/blog\\\/?s={search_term_string}\"},\"query-input\":{\"@type\":\"PropertyValueSpecification\",\"valueRequired\":true,\"valueName\":\"search_term_string\"}}],\"inLanguage\":\"es\"},{\"@type\":[\"Person\",\"Organization\"],\"@id\":\"https:\\\/\\\/www.peperoldan.com\\\/blog\\\/#\\\/schema\\\/person\\\/55b1e4372795cb86830f43a8d8446085\",\"name\":\"Pepe Rold\u00e1n\",\"image\":{\"@type\":\"ImageObject\",\"inLanguage\":\"es\",\"@id\":\"\",\"url\":null,\"contentUrl\":null,\"width\":1024,\"height\":1024,\"caption\":\"Pepe Rold\u00e1n\"},\"logo\":{\"@id\":\"\"},\"description\":\"Toda aventura comienza con un s\u00ed. Apasionado por las ventas y la comunicaci\u00f3n, me encuentro inmerso en la b\u00fasqueda de nuevos desaf\u00edos en el sector tur\u00edstico de Tenerife. \u00bfLes gustar\u00eda acompa\u00f1arme en esta emocionante traves\u00eda?\",\"sameAs\":[\"https:\\\/\\\/www.peperoldan.com\\\/blog\"],\"url\":\"https:\\\/\\\/www.peperoldan.com\\\/blog\\\/author\\\/peperoldan\\\/\"}]}<\/script>\n<!-- \/ Yoast SEO plugin. -->","yoast_head_json":{"title":"Ciclo Di\u00e1logos de TEA Tenerife - El blog de Pepe Rold\u00e1n","description":"Di\u00e1logos TEA contar\u00e1 con la participaci\u00f3n de Alejandro Togores, que conversar\u00e1 con Antonio Vela sobre su trayectoria art\u00edstica.","robots":{"index":"index","follow":"follow","max-snippet":"max-snippet:-1","max-image-preview":"max-image-preview:large","max-video-preview":"max-video-preview:-1"},"canonical":"https:\/\/www.peperoldan.com\/blog\/ciclo-dialogos-de-tea-tenerife\/","og_locale":"es_ES","og_type":"article","og_title":"Ciclo Di\u00e1logos de TEA Tenerife - El blog de Pepe Rold\u00e1n","og_description":"Di\u00e1logos TEA contar\u00e1 con la participaci\u00f3n de Alejandro Togores, que conversar\u00e1 con Antonio Vela sobre su trayectoria art\u00edstica.","og_url":"https:\/\/www.peperoldan.com\/blog\/ciclo-dialogos-de-tea-tenerife\/","og_site_name":"El blog de Pepe Rold\u00e1n","article_published_time":"2020-10-27T13:40:06+00:00","author":"Pepe Rold\u00e1n","twitter_card":"summary_large_image","twitter_misc":{"Escrito por":"Pepe Rold\u00e1n","Tiempo de lectura":"3 minutos"},"schema":{"@context":"https:\/\/schema.org","@graph":[{"@type":"Article","@id":"https:\/\/www.peperoldan.com\/blog\/ciclo-dialogos-de-tea-tenerife\/#article","isPartOf":{"@id":"https:\/\/www.peperoldan.com\/blog\/ciclo-dialogos-de-tea-tenerife\/"},"author":{"name":"Pepe Rold\u00e1n","@id":"https:\/\/www.peperoldan.com\/blog\/#\/schema\/person\/55b1e4372795cb86830f43a8d8446085"},"headline":"Ciclo Di\u00e1logos de TEA Tenerife","datePublished":"2020-10-27T13:40:06+00:00","mainEntityOfPage":{"@id":"https:\/\/www.peperoldan.com\/blog\/ciclo-dialogos-de-tea-tenerife\/"},"wordCount":538,"commentCount":0,"publisher":{"@id":"https:\/\/www.peperoldan.com\/blog\/#\/schema\/person\/55b1e4372795cb86830f43a8d8446085"},"image":{"@id":"https:\/\/www.peperoldan.com\/blog\/ciclo-dialogos-de-tea-tenerife\/#primaryimage"},"thumbnailUrl":"","keywords":["Fotograf\u00eda","Santa Cruz de Tenerife","TEA"],"articleSection":["Noticias"],"inLanguage":"es","potentialAction":[{"@type":"CommentAction","name":"Comment","target":["https:\/\/www.peperoldan.com\/blog\/ciclo-dialogos-de-tea-tenerife\/#respond"]}]},{"@type":"WebPage","@id":"https:\/\/www.peperoldan.com\/blog\/ciclo-dialogos-de-tea-tenerife\/","url":"https:\/\/www.peperoldan.com\/blog\/ciclo-dialogos-de-tea-tenerife\/","name":"Ciclo Di\u00e1logos de TEA Tenerife - El blog de Pepe Rold\u00e1n","isPartOf":{"@id":"https:\/\/www.peperoldan.com\/blog\/#website"},"primaryImageOfPage":{"@id":"https:\/\/www.peperoldan.com\/blog\/ciclo-dialogos-de-tea-tenerife\/#primaryimage"},"image":{"@id":"https:\/\/www.peperoldan.com\/blog\/ciclo-dialogos-de-tea-tenerife\/#primaryimage"},"thumbnailUrl":"","datePublished":"2020-10-27T13:40:06+00:00","description":"Di\u00e1logos TEA contar\u00e1 con la participaci\u00f3n de Alejandro Togores, que conversar\u00e1 con Antonio Vela sobre su trayectoria art\u00edstica.","breadcrumb":{"@id":"https:\/\/www.peperoldan.com\/blog\/ciclo-dialogos-de-tea-tenerife\/#breadcrumb"},"inLanguage":"es","potentialAction":[{"@type":"ReadAction","target":["https:\/\/www.peperoldan.com\/blog\/ciclo-dialogos-de-tea-tenerife\/"]}]},{"@type":"ImageObject","inLanguage":"es","@id":"https:\/\/www.peperoldan.com\/blog\/ciclo-dialogos-de-tea-tenerife\/#primaryimage","url":"","contentUrl":""},{"@type":"BreadcrumbList","@id":"https:\/\/www.peperoldan.com\/blog\/ciclo-dialogos-de-tea-tenerife\/#breadcrumb","itemListElement":[{"@type":"ListItem","position":1,"name":"Portada","item":"https:\/\/www.peperoldan.com\/blog\/"},{"@type":"ListItem","position":2,"name":"Ciclo Di\u00e1logos de TEA Tenerife"}]},{"@type":"WebSite","@id":"https:\/\/www.peperoldan.com\/blog\/#website","url":"https:\/\/www.peperoldan.com\/blog\/","name":"El blog de Pepe Rold\u00e1n","description":"Turismo | Ventas | Comunicaci\u00f3n","publisher":{"@id":"https:\/\/www.peperoldan.com\/blog\/#\/schema\/person\/55b1e4372795cb86830f43a8d8446085"},"potentialAction":[{"@type":"SearchAction","target":{"@type":"EntryPoint","urlTemplate":"https:\/\/www.peperoldan.com\/blog\/?s={search_term_string}"},"query-input":{"@type":"PropertyValueSpecification","valueRequired":true,"valueName":"search_term_string"}}],"inLanguage":"es"},{"@type":["Person","Organization"],"@id":"https:\/\/www.peperoldan.com\/blog\/#\/schema\/person\/55b1e4372795cb86830f43a8d8446085","name":"Pepe Rold\u00e1n","image":{"@type":"ImageObject","inLanguage":"es","@id":"","url":null,"contentUrl":null,"width":1024,"height":1024,"caption":"Pepe Rold\u00e1n"},"logo":{"@id":""},"description":"Toda aventura comienza con un s\u00ed. Apasionado por las ventas y la comunicaci\u00f3n, me encuentro inmerso en la b\u00fasqueda de nuevos desaf\u00edos en el sector tur\u00edstico de Tenerife. \u00bfLes gustar\u00eda acompa\u00f1arme en esta emocionante traves\u00eda?","sameAs":["https:\/\/www.peperoldan.com\/blog"],"url":"https:\/\/www.peperoldan.com\/blog\/author\/peperoldan\/"}]}},"jetpack_featured_media_url":"","jetpack_sharing_enabled":true,"jetpack_likes_enabled":true,"_links":{"self":[{"href":"https:\/\/www.peperoldan.com\/blog\/wp-json\/wp\/v2\/posts\/23093","targetHints":{"allow":["GET"]}}],"collection":[{"href":"https:\/\/www.peperoldan.com\/blog\/wp-json\/wp\/v2\/posts"}],"about":[{"href":"https:\/\/www.peperoldan.com\/blog\/wp-json\/wp\/v2\/types\/post"}],"author":[{"embeddable":true,"href":"https:\/\/www.peperoldan.com\/blog\/wp-json\/wp\/v2\/users\/1"}],"replies":[{"embeddable":true,"href":"https:\/\/www.peperoldan.com\/blog\/wp-json\/wp\/v2\/comments?post=23093"}],"version-history":[{"count":0,"href":"https:\/\/www.peperoldan.com\/blog\/wp-json\/wp\/v2\/posts\/23093\/revisions"}],"wp:featuredmedia":[{"embeddable":true,"href":"https:\/\/www.peperoldan.com\/blog\/wp-json\/"}],"wp:attachment":[{"href":"https:\/\/www.peperoldan.com\/blog\/wp-json\/wp\/v2\/media?parent=23093"}],"wp:term":[{"taxonomy":"category","embeddable":true,"href":"https:\/\/www.peperoldan.com\/blog\/wp-json\/wp\/v2\/categories?post=23093"},{"taxonomy":"post_tag","embeddable":true,"href":"https:\/\/www.peperoldan.com\/blog\/wp-json\/wp\/v2\/tags?post=23093"}],"curies":[{"name":"wp","href":"https:\/\/api.w.org\/{rel}","templated":true}]}}