{"id":22479,"date":"2020-09-04T18:03:28","date_gmt":"2020-09-04T17:03:28","guid":{"rendered":"https:\/\/www.peperoldan.com\/blog\/?p=22479"},"modified":"2020-09-04T18:03:28","modified_gmt":"2020-09-04T17:03:28","slug":"festival-musaescandinavia","status":"publish","type":"post","link":"https:\/\/www.peperoldan.com\/blog\/festival-musaescandinavia\/","title":{"rendered":"Festival MusaEscandinavia"},"content":{"rendered":"\n<h2 class=\"wp-block-heading\">Musaescandinavia:Literatura, arte y gastronom\u00eda&nbsp;&nbsp;de los pa\u00edses del norte de Europa se dieron cita ayer jueves en dos de los patios del centro del MUNA.<\/h2>\n\n\n\n<p>La jornada se desarroll\u00f3 bajo las pertinentes medidas de seguridad&nbsp;&nbsp;estipuladas para prevenir el Covid-19. Despert\u00f3 gran inter\u00e9s entre el p\u00fablico asistente y entre los que siguieron la experiencia gastro-art\u00edstica online.<\/p>\n\n\n\n<p>El&nbsp;<strong>Museo de Naturaleza y Arqueolog\u00eda<\/strong>&nbsp;(<strong>MUNA<\/strong>), acogi\u00f3 ayer jueves, 3 de septiembre, una velada cultural n\u00f3rdica Musaescandinavia que se desarroll\u00f3 en los patios al aire libre del centro y que inclu\u00eda dos actos vinculados a estos pa\u00edses del norte de Europa. Actividades que forman parte del&nbsp;<strong>Festival de Cultura Escandinava MusaEscandinavia<\/strong>&nbsp;y que se desarrollan bajo las pertinentes medidas de seguridad estipuladas para prevenir el Covid-19.&nbsp;&nbsp;<\/p>\n\n\n\n<p>La jornada comenz\u00f3 con la presentaci\u00f3n de la editorial&nbsp;<strong>N\u00f3rdica Libros<\/strong>&nbsp;(referente en Espa\u00f1a de las diferentes literaturas de los pa\u00edses n\u00f3rdicos). Fue de la mano de La <a href=\"http:\/\/www.libreriademujeres.com\/\" target=\"_blank\" rel=\"noreferrer noopener\">Librer\u00eda de Mujeres<\/a> y en colaboraci\u00f3n con el gastrobar del MUNA,&nbsp;<strong>Mues.ca<\/strong><\/p>\n\n\n\n<p>M\u00e1s avanzada la noche tuvo lugar<strong>&nbsp;<em>SaboreARTE<\/em><\/strong>;<strong><em> Gastronom\u00eda con dise\u00f1o n\u00f3rdico<\/em><\/strong>, que ti\u00f1\u00f3 de colores y sabores esta velada en la que se mezcl\u00f3 el dise\u00f1o escandinavo (ilustraciones en vivo, realizadas por la artista sueca Rebecka Skog, de 10 manteles aleg\u00f3ricos a la gastronom\u00eda escandinava. Fueron proyectadas en la pantalla-vela del impresionante&nbsp;<em>drakkar<\/em>&nbsp;de 12 metros ubicado en el patio de Las Palmeras) con sonidos del norte de Europa y con comentarios&nbsp;sobre estas ilustraciones. <\/p>\n\n\n\n<p>Se hizo a cargo de la &nbsp;fil\u00f3loga danesa&nbsp;Mia Hove Christensen, que inclu\u00edan nociones acerca de la gastronom\u00eda y la cultura de estos pa\u00edses.&nbsp;<\/p>\n\n\n\n<p>Mientras tanto; los asistentes pudieron disfrutar de un men\u00fa especial de inspiraci\u00f3n escandinava (dise\u00f1ado para este encuentro por el gastrobar del museo, Mues.ca). Inclu\u00eda platos t\u00edpicos de la zona, como salm\u00f3n marinado, papa&nbsp;<em>hasselback<\/em>&nbsp;y pastel noruego de almendra y frambuesa.<\/p>\n\n\n\n<p>Fuente: <a href=\"http:\/\/www.diariodetenerife.info\/\" target=\"_blank\" rel=\"noreferrer noopener\">Diario de Tenerife<\/a><\/p>\n","protected":false},"excerpt":{"rendered":"<p>Musaescandinavia:Literatura, arte y gastronom\u00eda&nbsp;&nbsp;de los pa\u00edses del norte de Europa se dieron cita ayer jueves en dos de los patios del centro del MUNA. La jornada se desarroll\u00f3 bajo las pertinentes medidas de seguridad&nbsp;&nbsp;estipuladas para prevenir el Covid-19. Despert\u00f3 gran inter\u00e9s entre el p\u00fablico asistente y entre los que siguieron la experiencia gastro-art\u00edstica online. El&nbsp;Museo [&hellip;]<\/p>\n","protected":false},"author":1,"featured_media":22480,"comment_status":"open","ping_status":"open","sticky":false,"template":"","format":"standard","meta":{"jetpack_post_was_ever_published":false,"_jetpack_newsletter_access":"","_jetpack_dont_email_post_to_subs":false,"_jetpack_newsletter_tier_id":0,"_jetpack_memberships_contains_paywalled_content":false,"_jetpack_memberships_contains_paid_content":false,"footnotes":""},"categories":[4],"tags":[62,79],"class_list":["post-22479","post","type-post","status-publish","format-standard","has-post-thumbnail","hentry","category-noticias","tag-muna","tag-santacruz"],"yoast_head":"<!-- This site is optimized with the Yoast SEO plugin v27.4 - https:\/\/yoast.com\/product\/yoast-seo-wordpress\/ -->\n<title>Festival MusaEscandinavia - El blog de Pepe Rold\u00e1n<\/title>\n<meta name=\"description\" content=\"Musaescandinavia: Literatura, arte y gastronom\u00eda de los pa\u00edses del norte de Europa se dieron cita ayer jueves en dos de los patios del centro.\" \/>\n<meta name=\"robots\" content=\"index, follow, max-snippet:-1, max-image-preview:large, max-video-preview:-1\" \/>\n<link rel=\"canonical\" href=\"https:\/\/www.peperoldan.com\/blog\/festival-musaescandinavia\/\" \/>\n<meta property=\"og:locale\" content=\"es_ES\" \/>\n<meta property=\"og:type\" content=\"article\" \/>\n<meta property=\"og:title\" content=\"Festival MusaEscandinavia - El blog de Pepe Rold\u00e1n\" \/>\n<meta property=\"og:description\" content=\"Musaescandinavia: Literatura, arte y gastronom\u00eda de los pa\u00edses del norte de Europa se dieron cita ayer jueves en dos de los patios del centro.\" \/>\n<meta property=\"og:url\" content=\"https:\/\/www.peperoldan.com\/blog\/festival-musaescandinavia\/\" \/>\n<meta property=\"og:site_name\" content=\"El blog de Pepe Rold\u00e1n\" \/>\n<meta property=\"article:published_time\" content=\"2020-09-04T17:03:28+00:00\" \/>\n<meta name=\"author\" content=\"Pepe Rold\u00e1n\" \/>\n<meta name=\"twitter:card\" content=\"summary_large_image\" \/>\n<meta name=\"twitter:label1\" content=\"Escrito por\" \/>\n\t<meta name=\"twitter:data1\" content=\"Pepe Rold\u00e1n\" \/>\n\t<meta name=\"twitter:label2\" content=\"Tiempo de lectura\" \/>\n\t<meta name=\"twitter:data2\" content=\"2 minutos\" \/>\n<script type=\"application\/ld+json\" class=\"yoast-schema-graph\">{\"@context\":\"https:\\\/\\\/schema.org\",\"@graph\":[{\"@type\":\"Article\",\"@id\":\"https:\\\/\\\/www.peperoldan.com\\\/blog\\\/festival-musaescandinavia\\\/#article\",\"isPartOf\":{\"@id\":\"https:\\\/\\\/www.peperoldan.com\\\/blog\\\/festival-musaescandinavia\\\/\"},\"author\":{\"name\":\"Pepe Rold\u00e1n\",\"@id\":\"https:\\\/\\\/www.peperoldan.com\\\/blog\\\/#\\\/schema\\\/person\\\/55b1e4372795cb86830f43a8d8446085\"},\"headline\":\"Festival MusaEscandinavia\",\"datePublished\":\"2020-09-04T17:03:28+00:00\",\"mainEntityOfPage\":{\"@id\":\"https:\\\/\\\/www.peperoldan.com\\\/blog\\\/festival-musaescandinavia\\\/\"},\"wordCount\":363,\"commentCount\":0,\"publisher\":{\"@id\":\"https:\\\/\\\/www.peperoldan.com\\\/blog\\\/#\\\/schema\\\/person\\\/55b1e4372795cb86830f43a8d8446085\"},\"image\":{\"@id\":\"https:\\\/\\\/www.peperoldan.com\\\/blog\\\/festival-musaescandinavia\\\/#primaryimage\"},\"thumbnailUrl\":\"\",\"keywords\":[\"MUNA\",\"Santa Cruz de Tenerife\"],\"articleSection\":[\"Noticias\"],\"inLanguage\":\"es\",\"potentialAction\":[{\"@type\":\"CommentAction\",\"name\":\"Comment\",\"target\":[\"https:\\\/\\\/www.peperoldan.com\\\/blog\\\/festival-musaescandinavia\\\/#respond\"]}]},{\"@type\":\"WebPage\",\"@id\":\"https:\\\/\\\/www.peperoldan.com\\\/blog\\\/festival-musaescandinavia\\\/\",\"url\":\"https:\\\/\\\/www.peperoldan.com\\\/blog\\\/festival-musaescandinavia\\\/\",\"name\":\"Festival MusaEscandinavia - El blog de Pepe Rold\u00e1n\",\"isPartOf\":{\"@id\":\"https:\\\/\\\/www.peperoldan.com\\\/blog\\\/#website\"},\"primaryImageOfPage\":{\"@id\":\"https:\\\/\\\/www.peperoldan.com\\\/blog\\\/festival-musaescandinavia\\\/#primaryimage\"},\"image\":{\"@id\":\"https:\\\/\\\/www.peperoldan.com\\\/blog\\\/festival-musaescandinavia\\\/#primaryimage\"},\"thumbnailUrl\":\"\",\"datePublished\":\"2020-09-04T17:03:28+00:00\",\"description\":\"Musaescandinavia: Literatura, arte y gastronom\u00eda de los pa\u00edses del norte de Europa se dieron cita ayer jueves en dos de los patios del centro.\",\"breadcrumb\":{\"@id\":\"https:\\\/\\\/www.peperoldan.com\\\/blog\\\/festival-musaescandinavia\\\/#breadcrumb\"},\"inLanguage\":\"es\",\"potentialAction\":[{\"@type\":\"ReadAction\",\"target\":[\"https:\\\/\\\/www.peperoldan.com\\\/blog\\\/festival-musaescandinavia\\\/\"]}]},{\"@type\":\"ImageObject\",\"inLanguage\":\"es\",\"@id\":\"https:\\\/\\\/www.peperoldan.com\\\/blog\\\/festival-musaescandinavia\\\/#primaryimage\",\"url\":\"\",\"contentUrl\":\"\"},{\"@type\":\"BreadcrumbList\",\"@id\":\"https:\\\/\\\/www.peperoldan.com\\\/blog\\\/festival-musaescandinavia\\\/#breadcrumb\",\"itemListElement\":[{\"@type\":\"ListItem\",\"position\":1,\"name\":\"Portada\",\"item\":\"https:\\\/\\\/www.peperoldan.com\\\/blog\\\/\"},{\"@type\":\"ListItem\",\"position\":2,\"name\":\"Festival MusaEscandinavia\"}]},{\"@type\":\"WebSite\",\"@id\":\"https:\\\/\\\/www.peperoldan.com\\\/blog\\\/#website\",\"url\":\"https:\\\/\\\/www.peperoldan.com\\\/blog\\\/\",\"name\":\"El blog de Pepe Rold\u00e1n\",\"description\":\"Turismo | Ventas | Comunicaci\u00f3n\",\"publisher\":{\"@id\":\"https:\\\/\\\/www.peperoldan.com\\\/blog\\\/#\\\/schema\\\/person\\\/55b1e4372795cb86830f43a8d8446085\"},\"potentialAction\":[{\"@type\":\"SearchAction\",\"target\":{\"@type\":\"EntryPoint\",\"urlTemplate\":\"https:\\\/\\\/www.peperoldan.com\\\/blog\\\/?s={search_term_string}\"},\"query-input\":{\"@type\":\"PropertyValueSpecification\",\"valueRequired\":true,\"valueName\":\"search_term_string\"}}],\"inLanguage\":\"es\"},{\"@type\":[\"Person\",\"Organization\"],\"@id\":\"https:\\\/\\\/www.peperoldan.com\\\/blog\\\/#\\\/schema\\\/person\\\/55b1e4372795cb86830f43a8d8446085\",\"name\":\"Pepe Rold\u00e1n\",\"image\":{\"@type\":\"ImageObject\",\"inLanguage\":\"es\",\"@id\":\"\",\"url\":null,\"contentUrl\":null,\"width\":1024,\"height\":1024,\"caption\":\"Pepe Rold\u00e1n\"},\"logo\":{\"@id\":\"\"},\"description\":\"Toda aventura comienza con un s\u00ed. Apasionado por las ventas y la comunicaci\u00f3n, me encuentro inmerso en la b\u00fasqueda de nuevos desaf\u00edos en el sector tur\u00edstico de Tenerife. \u00bfLes gustar\u00eda acompa\u00f1arme en esta emocionante traves\u00eda?\",\"sameAs\":[\"https:\\\/\\\/www.peperoldan.com\\\/blog\"],\"url\":\"https:\\\/\\\/www.peperoldan.com\\\/blog\\\/author\\\/peperoldan\\\/\"}]}<\/script>\n<!-- \/ Yoast SEO plugin. -->","yoast_head_json":{"title":"Festival MusaEscandinavia - El blog de Pepe Rold\u00e1n","description":"Musaescandinavia: Literatura, arte y gastronom\u00eda de los pa\u00edses del norte de Europa se dieron cita ayer jueves en dos de los patios del centro.","robots":{"index":"index","follow":"follow","max-snippet":"max-snippet:-1","max-image-preview":"max-image-preview:large","max-video-preview":"max-video-preview:-1"},"canonical":"https:\/\/www.peperoldan.com\/blog\/festival-musaescandinavia\/","og_locale":"es_ES","og_type":"article","og_title":"Festival MusaEscandinavia - El blog de Pepe Rold\u00e1n","og_description":"Musaescandinavia: Literatura, arte y gastronom\u00eda de los pa\u00edses del norte de Europa se dieron cita ayer jueves en dos de los patios del centro.","og_url":"https:\/\/www.peperoldan.com\/blog\/festival-musaescandinavia\/","og_site_name":"El blog de Pepe Rold\u00e1n","article_published_time":"2020-09-04T17:03:28+00:00","author":"Pepe Rold\u00e1n","twitter_card":"summary_large_image","twitter_misc":{"Escrito por":"Pepe Rold\u00e1n","Tiempo de lectura":"2 minutos"},"schema":{"@context":"https:\/\/schema.org","@graph":[{"@type":"Article","@id":"https:\/\/www.peperoldan.com\/blog\/festival-musaescandinavia\/#article","isPartOf":{"@id":"https:\/\/www.peperoldan.com\/blog\/festival-musaescandinavia\/"},"author":{"name":"Pepe Rold\u00e1n","@id":"https:\/\/www.peperoldan.com\/blog\/#\/schema\/person\/55b1e4372795cb86830f43a8d8446085"},"headline":"Festival MusaEscandinavia","datePublished":"2020-09-04T17:03:28+00:00","mainEntityOfPage":{"@id":"https:\/\/www.peperoldan.com\/blog\/festival-musaescandinavia\/"},"wordCount":363,"commentCount":0,"publisher":{"@id":"https:\/\/www.peperoldan.com\/blog\/#\/schema\/person\/55b1e4372795cb86830f43a8d8446085"},"image":{"@id":"https:\/\/www.peperoldan.com\/blog\/festival-musaescandinavia\/#primaryimage"},"thumbnailUrl":"","keywords":["MUNA","Santa Cruz de Tenerife"],"articleSection":["Noticias"],"inLanguage":"es","potentialAction":[{"@type":"CommentAction","name":"Comment","target":["https:\/\/www.peperoldan.com\/blog\/festival-musaescandinavia\/#respond"]}]},{"@type":"WebPage","@id":"https:\/\/www.peperoldan.com\/blog\/festival-musaescandinavia\/","url":"https:\/\/www.peperoldan.com\/blog\/festival-musaescandinavia\/","name":"Festival MusaEscandinavia - El blog de Pepe Rold\u00e1n","isPartOf":{"@id":"https:\/\/www.peperoldan.com\/blog\/#website"},"primaryImageOfPage":{"@id":"https:\/\/www.peperoldan.com\/blog\/festival-musaescandinavia\/#primaryimage"},"image":{"@id":"https:\/\/www.peperoldan.com\/blog\/festival-musaescandinavia\/#primaryimage"},"thumbnailUrl":"","datePublished":"2020-09-04T17:03:28+00:00","description":"Musaescandinavia: Literatura, arte y gastronom\u00eda de los pa\u00edses del norte de Europa se dieron cita ayer jueves en dos de los patios del centro.","breadcrumb":{"@id":"https:\/\/www.peperoldan.com\/blog\/festival-musaescandinavia\/#breadcrumb"},"inLanguage":"es","potentialAction":[{"@type":"ReadAction","target":["https:\/\/www.peperoldan.com\/blog\/festival-musaescandinavia\/"]}]},{"@type":"ImageObject","inLanguage":"es","@id":"https:\/\/www.peperoldan.com\/blog\/festival-musaescandinavia\/#primaryimage","url":"","contentUrl":""},{"@type":"BreadcrumbList","@id":"https:\/\/www.peperoldan.com\/blog\/festival-musaescandinavia\/#breadcrumb","itemListElement":[{"@type":"ListItem","position":1,"name":"Portada","item":"https:\/\/www.peperoldan.com\/blog\/"},{"@type":"ListItem","position":2,"name":"Festival MusaEscandinavia"}]},{"@type":"WebSite","@id":"https:\/\/www.peperoldan.com\/blog\/#website","url":"https:\/\/www.peperoldan.com\/blog\/","name":"El blog de Pepe Rold\u00e1n","description":"Turismo | Ventas | Comunicaci\u00f3n","publisher":{"@id":"https:\/\/www.peperoldan.com\/blog\/#\/schema\/person\/55b1e4372795cb86830f43a8d8446085"},"potentialAction":[{"@type":"SearchAction","target":{"@type":"EntryPoint","urlTemplate":"https:\/\/www.peperoldan.com\/blog\/?s={search_term_string}"},"query-input":{"@type":"PropertyValueSpecification","valueRequired":true,"valueName":"search_term_string"}}],"inLanguage":"es"},{"@type":["Person","Organization"],"@id":"https:\/\/www.peperoldan.com\/blog\/#\/schema\/person\/55b1e4372795cb86830f43a8d8446085","name":"Pepe Rold\u00e1n","image":{"@type":"ImageObject","inLanguage":"es","@id":"","url":null,"contentUrl":null,"width":1024,"height":1024,"caption":"Pepe Rold\u00e1n"},"logo":{"@id":""},"description":"Toda aventura comienza con un s\u00ed. Apasionado por las ventas y la comunicaci\u00f3n, me encuentro inmerso en la b\u00fasqueda de nuevos desaf\u00edos en el sector tur\u00edstico de Tenerife. \u00bfLes gustar\u00eda acompa\u00f1arme en esta emocionante traves\u00eda?","sameAs":["https:\/\/www.peperoldan.com\/blog"],"url":"https:\/\/www.peperoldan.com\/blog\/author\/peperoldan\/"}]}},"jetpack_featured_media_url":"","jetpack_sharing_enabled":true,"jetpack_likes_enabled":true,"_links":{"self":[{"href":"https:\/\/www.peperoldan.com\/blog\/wp-json\/wp\/v2\/posts\/22479","targetHints":{"allow":["GET"]}}],"collection":[{"href":"https:\/\/www.peperoldan.com\/blog\/wp-json\/wp\/v2\/posts"}],"about":[{"href":"https:\/\/www.peperoldan.com\/blog\/wp-json\/wp\/v2\/types\/post"}],"author":[{"embeddable":true,"href":"https:\/\/www.peperoldan.com\/blog\/wp-json\/wp\/v2\/users\/1"}],"replies":[{"embeddable":true,"href":"https:\/\/www.peperoldan.com\/blog\/wp-json\/wp\/v2\/comments?post=22479"}],"version-history":[{"count":0,"href":"https:\/\/www.peperoldan.com\/blog\/wp-json\/wp\/v2\/posts\/22479\/revisions"}],"wp:featuredmedia":[{"embeddable":true,"href":"https:\/\/www.peperoldan.com\/blog\/wp-json\/"}],"wp:attachment":[{"href":"https:\/\/www.peperoldan.com\/blog\/wp-json\/wp\/v2\/media?parent=22479"}],"wp:term":[{"taxonomy":"category","embeddable":true,"href":"https:\/\/www.peperoldan.com\/blog\/wp-json\/wp\/v2\/categories?post=22479"},{"taxonomy":"post_tag","embeddable":true,"href":"https:\/\/www.peperoldan.com\/blog\/wp-json\/wp\/v2\/tags?post=22479"}],"curies":[{"name":"wp","href":"https:\/\/api.w.org\/{rel}","templated":true}]}}