{"id":21535,"date":"2020-06-26T19:56:00","date_gmt":"2020-06-26T18:56:00","guid":{"rendered":"https:\/\/peperoldan.com\/blog\/?p=21535"},"modified":"2026-08-22T08:52:48","modified_gmt":"2026-08-22T08:52:48","slug":"las-canciones-de-nuestra-vida","status":"publish","type":"post","link":"https:\/\/www.peperoldan.com\/blog\/las-canciones-de-nuestra-vida\/","title":{"rendered":"Las canciones de nuestra vida"},"content":{"rendered":"\n<p class=\"wp-block-paragraph\">Hay una carretera y hay una canci\u00f3n. Casi siempre es as\u00ed.<\/p>\n\n\n\n<p class=\"wp-block-paragraph\">Llevo a\u00f1os recorriendo Tenerife en coche y he acabado por asociar cada tramo a una m\u00fasica concreta. No es una elecci\u00f3n premeditada: sucede sola. Subes de madrugada hacia el Teide, suena algo en el coche y esa canci\u00f3n ya es tuya y de esa carretera para siempre.<\/p>\n\n\n\n<p class=\"wp-block-paragraph\">Esta es mi lista. No hay folclore ni artistas canarios \u2014salvo alguna excepci\u00f3n de casa\u2014, porque no pretende ser una lecci\u00f3n sobre las islas. Es simplemente lo que suena en mi coche cuando conduzco por aqu\u00ed, ordenado seg\u00fan el momento del viaje en el que suele aparecer.<\/p>\n\n\n\n<div id=\"ez-toc-container\" class=\"ez-toc-v2_0_87 counter-hierarchy ez-toc-counter ez-toc-grey ez-toc-container-direction\">\n<div class=\"ez-toc-title-container\">\n<p class=\"ez-toc-title\" style=\"cursor:inherit\">\u00cdndice<\/p>\n<span class=\"ez-toc-title-toggle\"><\/span><\/div>\n<nav><ul class='ez-toc-list ez-toc-list-level-1 ' ><li class='ez-toc-page-1 ez-toc-heading-level-3'><a class=\"ez-toc-link ez-toc-heading-1\" href=\"https:\/\/www.peperoldan.com\/blog\/las-canciones-de-nuestra-vida\/#Acabas_de_aterrizar\" >Acabas de aterrizar<\/a><\/li><li class='ez-toc-page-1 ez-toc-heading-level-3'><a class=\"ez-toc-link ez-toc-heading-2\" href=\"https:\/\/www.peperoldan.com\/blog\/las-canciones-de-nuestra-vida\/#El_norte_la_niebla_y_la_laurisilva\" >El norte, la niebla y la laurisilva<\/a><\/li><li class='ez-toc-page-1 ez-toc-heading-level-3'><a class=\"ez-toc-link ez-toc-heading-3\" href=\"https:\/\/www.peperoldan.com\/blog\/las-canciones-de-nuestra-vida\/#La_subida_al_Teide\" >La subida al Teide<\/a><\/li><li class='ez-toc-page-1 ez-toc-heading-level-3'><a class=\"ez-toc-link ez-toc-heading-4\" href=\"https:\/\/www.peperoldan.com\/blog\/las-canciones-de-nuestra-vida\/#Teno_Masca_y_las_curvas\" >Teno, Masca y las curvas<\/a><\/li><li class='ez-toc-page-1 ez-toc-heading-level-3'><a class=\"ez-toc-link ez-toc-heading-5\" href=\"https:\/\/www.peperoldan.com\/blog\/las-canciones-de-nuestra-vida\/#El_sur\" >El sur<\/a><\/li><li class='ez-toc-page-1 ez-toc-heading-level-3'><a class=\"ez-toc-link ez-toc-heading-6\" href=\"https:\/\/www.peperoldan.com\/blog\/las-canciones-de-nuestra-vida\/#La_noche\" >La noche<\/a><\/li><li class='ez-toc-page-1 ez-toc-heading-level-3'><a class=\"ez-toc-link ez-toc-heading-7\" href=\"https:\/\/www.peperoldan.com\/blog\/las-canciones-de-nuestra-vida\/#El_regreso\" >El regreso<\/a><\/li><\/ul><\/nav><\/div>\n<h3 class=\"wp-block-heading\"><span class=\"ez-toc-section\" id=\"Acabas_de_aterrizar\"><\/span>Acabas de aterrizar<span class=\"ez-toc-section-end\"><\/span><\/h3>\n\n\n\n<p class=\"wp-block-paragraph\">Lo primero que haces al bajar del avi\u00f3n es cambiar la hora del reloj. Por eso&nbsp;<strong>\u00abCon una hora menos\u00bb, de Rosana<\/strong>, abre siempre. No hay canci\u00f3n m\u00e1s literal para empezar un viaje a Canarias.<\/p>\n\n\n\n<p class=\"wp-block-paragraph\">Si has llegado por el sur, la autopista TF-1 se abre recta y luminosa y pide algo solar:&nbsp;<strong>\u00abA un passo dalla luna\u00bb, de Rocco Hunt y Ana Mena<\/strong>, o la versi\u00f3n ac\u00fastica de&nbsp;<strong>\u00abGet Lucky\u00bb que hizo Linn Brikell<\/strong>. Todav\u00eda no ha empezado nada. Solo hay ganas.<\/p>\n\n\n\n<h3 class=\"wp-block-heading\"><span class=\"ez-toc-section\" id=\"El_norte_la_niebla_y_la_laurisilva\"><\/span>El norte, la niebla y la laurisilva<span class=\"ez-toc-section-end\"><\/span><\/h3>\n\n\n\n<p class=\"wp-block-paragraph\">Aqu\u00ed cambia todo. Subes por la TF-5, entras en la nube y el paisaje se cierra. La luz baja tres tonos.<\/p>\n\n\n\n<p class=\"wp-block-paragraph\"><strong>\u00abPoem Without Words 2 \u2013 Journey by Night\u00bb, de Anne Clark<\/strong>, es el t\u00edtulo m\u00e1s honesto de toda la lista: un viaje nocturno, aunque sean las once de la ma\u00f1ana. Con ella entro en Anaga.<\/p>\n\n\n\n<p class=\"wp-block-paragraph\"><strong>\u00abCrime\u00bb, de Najwajean<\/strong>, funciona igual de bien entre los brezos: es densa, tiene humedad. Y&nbsp;<strong>\u00abVincent\u00bb, en la versi\u00f3n desnuda de James Blake<\/strong>, es lo que pongo cuando la carretera se estrecha y ya no viene nadie de frente.<\/p>\n\n\n\n<p class=\"wp-block-paragraph\">Los ingleses que vienen al norte buscando el sol y se encuentran esto tienen su himno particular:&nbsp;<strong>\u00abEngland Skies\u00bb, de Shake Shake Go<\/strong>. Se lo he puesto a m\u00e1s de un amigo mientras cruz\u00e1bamos la panza de burro, y siempre se r\u00eden.<\/p>\n\n\n\n<p class=\"wp-block-paragraph\">Para bajar hacia los pueblos \u2014Garachico, Icod, La Orotava\u2014 reservo&nbsp;<strong>\u00abQuiet Town\u00bb, de Josh Rouse<\/strong>. Es exactamente eso.<\/p>\n\n\n\n<h3 class=\"wp-block-heading\"><span class=\"ez-toc-section\" id=\"La_subida_al_Teide\"><\/span>La subida al Teide<span class=\"ez-toc-section-end\"><\/span><\/h3>\n\n\n\n<p class=\"wp-block-paragraph\">De madrugada, con el coche vac\u00edo de conversaci\u00f3n y la carretera subiendo en zigzag hasta que se rompe la nube y aparece el mar de nubes por debajo.<\/p>\n\n\n\n<p class=\"wp-block-paragraph\"><strong>\u00abNel blu dipinto di blu\u00bb, en la versi\u00f3n de Malika Ayane<\/strong>, es la canci\u00f3n de este tramo. Volare. Est\u00e1s literalmente por encima de las nubes y todo es azul. No hay nada que a\u00f1adir.<\/p>\n\n\n\n<p class=\"wp-block-paragraph\">Despu\u00e9s, cuando el paisaje se abre del todo y aparecen las Ca\u00f1adas,&nbsp;<strong>\u00abWith or Without You\u00bb de U2<\/strong>&nbsp;hace lo que hace siempre: crecer despacio hasta llenarlo todo. Y&nbsp;<strong>\u00abOne Day: We Had Today\u00bb, de Steven Bear<\/strong>, para el silencio del regreso, cuando ya has visto lo que hab\u00edas venido a ver.<\/p>\n\n\n\n<h3 class=\"wp-block-heading\"><span class=\"ez-toc-section\" id=\"Teno_Masca_y_las_curvas\"><\/span>Teno, Masca y las curvas<span class=\"ez-toc-section-end\"><\/span><\/h3>\n\n\n\n<p class=\"wp-block-paragraph\">Las curvas piden pulso.&nbsp;<strong>\u00abEvery Breath You Take\u00bb, de The Police<\/strong>, tiene ese arpegio hipn\u00f3tico que encaja con el volante movi\u00e9ndose sin parar.<\/p>\n\n\n\n<p class=\"wp-block-paragraph\">Y bajar hacia Masca escuchando&nbsp;<strong>\u00abCrazy\u00bb, de Gnarls Barkley<\/strong>, tiene su punto de humor. Quien haya hecho esa carretera sabe por qu\u00e9.<\/p>\n\n\n\n<p class=\"wp-block-paragraph\">Cuando el barranco se abre y aparece el acantilado,&nbsp;<strong>\u00abYou Are So Apricot\u00bb, de Flor Braier<\/strong>, para la luz de la tarde, y&nbsp;<strong>\u00abBicicletes\u00bb, de Blaumut<\/strong>, para el camino de vuelta por Teno con las ventanillas bajadas.<\/p>\n\n\n\n<h3 class=\"wp-block-heading\"><span class=\"ez-toc-section\" id=\"El_sur\"><\/span>El sur<span class=\"ez-toc-section-end\"><\/span><\/h3>\n\n\n\n<p class=\"wp-block-paragraph\">Otro pa\u00eds. Calor, luz plana, gente en la calle a cualquier hora.<\/p>\n\n\n\n<p class=\"wp-block-paragraph\"><strong>\u00abDjobi, Djoba\u00bb de los Gipsy Kings<\/strong>&nbsp;es indefendible y es perfecta.&nbsp;<strong>\u00abI Say a Little Prayer\u00bb de Aretha Franklin<\/strong>&nbsp;y&nbsp;<strong>\u00abAin&#8217;t Got No \u2013 I Got Life\u00bb de Nina Simone<\/strong>&nbsp;son las dos que pongo cuando ya estamos aparcando y nadie quiere bajarse del coche todav\u00eda.<\/p>\n\n\n\n<p class=\"wp-block-paragraph\">Al caer la noche, la&nbsp;<strong>\u00abRoxanne\u00bb que grab\u00f3 George Michael<\/strong>&nbsp;y&nbsp;<strong>\u00abSuspicious Minds\u00bb en la versi\u00f3n de Casual<\/strong>, que suena a chiringuito y a \u00faltima copa.<\/p>\n\n\n\n<h3 class=\"wp-block-heading\"><span class=\"ez-toc-section\" id=\"La_noche\"><\/span>La noche<span class=\"ez-toc-section-end\"><\/span><\/h3>\n\n\n\n<p class=\"wp-block-paragraph\">Esto ya no es carretera. Es la sobremesa larga, la terraza, la conversaci\u00f3n que se alarga.<\/p>\n\n\n\n<p class=\"wp-block-paragraph\"><strong>\u00abSo\u00f1ar contigo\u00bb, de Zenet. \u00abTutto quello che un uomo\u00bb, de Sergio Cammariere. \u00abBack to Black\u00bb, de Amy Winehouse.<\/strong>&nbsp;La versi\u00f3n de&nbsp;<strong>\u00abTime After Time\u00bb de los V\u00e1zquez Sounds<\/strong>. Y&nbsp;<strong>\u00abNo puedo vivir sin ti\u00bb, de Coque Malla, en ac\u00fastico<\/strong>.<\/p>\n\n\n\n<p class=\"wp-block-paragraph\">Aqu\u00ed s\u00ed me permito la \u00fanica concesi\u00f3n local:&nbsp;<strong>\u00abEl marido de la peluquera\u00bb, de Pedro Guerra<\/strong>, que es de G\u00fc\u00edmar y que suena distinto cuando lo escuchas a veinte minutos de donde naci\u00f3.<\/p>\n\n\n\n<h3 class=\"wp-block-heading\"><span class=\"ez-toc-section\" id=\"El_regreso\"><\/span>El regreso<span class=\"ez-toc-section-end\"><\/span><\/h3>\n\n\n\n<p class=\"wp-block-paragraph\">Lo peor del viaje. La devoluci\u00f3n del coche de alquiler, la cola del embarque.<\/p>\n\n\n\n<p class=\"wp-block-paragraph\"><strong>\u00abSomeone Like You\u00bb de Adele<\/strong>&nbsp;y&nbsp;<strong>\u00abThe Winner Takes It All\u00bb en la versi\u00f3n de Carla Bruni<\/strong>&nbsp;son demasiado tristes para un aeropuerto, lo s\u00e9.&nbsp;<strong>\u00abYou&#8217;re Beautiful\u00bb de James Blunt<\/strong>&nbsp;tambi\u00e9n, y me da igual.<\/p>\n\n\n\n<p class=\"wp-block-paragraph\">Pero la que cierra la lista es&nbsp;<strong>\u00abLa vida de antes\u00bb, de Funambulista y Marta Soto<\/strong>, porque eso es exactamente lo que te espera al aterrizar de vuelta: la vida de antes. Y porque siempre da la sensaci\u00f3n de que se acab\u00f3 demasiado pronto.<\/p>\n\n\n\n<hr class=\"wp-block-separator has-alpha-channel-opacity\"\/>\n\n\n\n<p class=\"wp-block-paragraph\">Ah\u00ed abajo est\u00e1 la lista completa, en Spotify y en Apple Music. Si te llevas de ella dos o tres canciones para tu pr\u00f3ximo viaje, ya habr\u00e1 servido.<\/p>\n","protected":false},"excerpt":{"rendered":"<p>Hay una carretera y hay una canci\u00f3n. Casi siempre es as\u00ed. Llevo a\u00f1os recorriendo Tenerife en coche y he acabado por asociar cada tramo a una m\u00fasica concreta. No es una elecci\u00f3n premeditada: sucede sola. Subes de madrugada hacia el Teide, suena algo en el coche y esa canci\u00f3n ya es tuya y de esa [&hellip;]<\/p>\n","protected":false},"author":1,"featured_media":22107,"comment_status":"open","ping_status":"open","sticky":false,"template":"","format":"standard","meta":{"_jetpack_newsletter_access":"","_jetpack_dont_email_post_to_subs":false,"_jetpack_newsletter_tier_id":0,"_jetpack_memberships_contains_paywalled_content":false,"_jetpack_feature_clip_id":0,"_jetpack_memberships_contains_paid_content":false,"footnotes":"","jetpack_publicize_message":"","jetpack_publicize_feature_enabled":true,"jetpack_social_post_already_shared":false,"jetpack_social_options":{"image_generator_settings":{"template":"highway","default_image_id":0,"font":"","enabled":false},"version":2},"jetpack_post_was_ever_published":false},"categories":[6],"tags":[81],"class_list":["post-21535","post","type-post","status-publish","format-standard","has-post-thumbnail","hentry","category-turismo","tag-spotify"],"yoast_head":"<!-- This site is optimized with the Yoast SEO plugin v28.4 - https:\/\/yoast.com\/product\/yoast-seo-wordpress\/ -->\n<title>Las canciones de nuestra vida - El blog de Pepe Rold\u00e1n<\/title>\n<meta name=\"description\" content=\"La m\u00fasica cuando recorro Tenerife: del norte con niebla al sur, del Teide de madrugada al regreso. Una playlist personal, tramo a tramo.\" \/>\n<meta name=\"robots\" content=\"index, follow, max-snippet:-1, max-image-preview:large, max-video-preview:-1\" \/>\n<link rel=\"canonical\" href=\"https:\/\/www.peperoldan.com\/blog\/las-canciones-de-nuestra-vida\/\" \/>\n<meta property=\"og:locale\" content=\"es_ES\" \/>\n<meta property=\"og:type\" content=\"article\" \/>\n<meta property=\"og:title\" content=\"Las canciones de nuestra vida - El blog de Pepe Rold\u00e1n\" \/>\n<meta property=\"og:description\" content=\"La m\u00fasica cuando recorro Tenerife: del norte con niebla al sur, del Teide de madrugada al regreso. Una playlist personal, tramo a tramo.\" \/>\n<meta property=\"og:url\" content=\"https:\/\/www.peperoldan.com\/blog\/las-canciones-de-nuestra-vida\/\" \/>\n<meta property=\"og:site_name\" content=\"El blog de Pepe Rold\u00e1n\" \/>\n<meta property=\"article:published_time\" content=\"2020-06-26T18:56:00+00:00\" \/>\n<meta property=\"article:modified_time\" content=\"2026-08-22T08:52:48+00:00\" \/>\n<meta name=\"author\" content=\"Pepe Rold\u00e1n\" \/>\n<meta name=\"twitter:card\" content=\"summary_large_image\" \/>\n<meta name=\"twitter:label1\" content=\"Escrito por\" \/>\n\t<meta name=\"twitter:data1\" content=\"Pepe Rold\u00e1n\" \/>\n\t<meta name=\"twitter:label2\" content=\"Tiempo de lectura\" \/>\n\t<meta name=\"twitter:data2\" content=\"4 minutos\" \/>\n<script type=\"application\/ld+json\" class=\"yoast-schema-graph\">{\"@context\":\"https:\\\/\\\/schema.org\",\"@graph\":[{\"@type\":\"Article\",\"@id\":\"https:\\\/\\\/www.peperoldan.com\\\/blog\\\/las-canciones-de-nuestra-vida\\\/#article\",\"isPartOf\":{\"@id\":\"https:\\\/\\\/www.peperoldan.com\\\/blog\\\/las-canciones-de-nuestra-vida\\\/\"},\"author\":{\"name\":\"Pepe Rold\u00e1n\",\"@id\":\"https:\\\/\\\/www.peperoldan.com\\\/blog\\\/#\\\/schema\\\/person\\\/55b1e4372795cb86830f43a8d8446085\"},\"headline\":\"Las canciones de nuestra vida\",\"datePublished\":\"2020-06-26T18:56:00+00:00\",\"dateModified\":\"2026-08-22T08:52:48+00:00\",\"mainEntityOfPage\":{\"@id\":\"https:\\\/\\\/www.peperoldan.com\\\/blog\\\/las-canciones-de-nuestra-vida\\\/\"},\"wordCount\":939,\"commentCount\":0,\"publisher\":{\"@id\":\"https:\\\/\\\/www.peperoldan.com\\\/blog\\\/#\\\/schema\\\/person\\\/55b1e4372795cb86830f43a8d8446085\"},\"image\":{\"@id\":\"https:\\\/\\\/www.peperoldan.com\\\/blog\\\/las-canciones-de-nuestra-vida\\\/#primaryimage\"},\"thumbnailUrl\":\"\",\"keywords\":[\"Spotify\"],\"articleSection\":[\"Turismo\"],\"inLanguage\":\"es\",\"potentialAction\":[{\"@type\":\"CommentAction\",\"name\":\"Comment\",\"target\":[\"https:\\\/\\\/www.peperoldan.com\\\/blog\\\/las-canciones-de-nuestra-vida\\\/#respond\"]}]},{\"@type\":\"WebPage\",\"@id\":\"https:\\\/\\\/www.peperoldan.com\\\/blog\\\/las-canciones-de-nuestra-vida\\\/\",\"url\":\"https:\\\/\\\/www.peperoldan.com\\\/blog\\\/las-canciones-de-nuestra-vida\\\/\",\"name\":\"Las canciones de nuestra vida - El blog de Pepe Rold\u00e1n\",\"isPartOf\":{\"@id\":\"https:\\\/\\\/www.peperoldan.com\\\/blog\\\/#website\"},\"primaryImageOfPage\":{\"@id\":\"https:\\\/\\\/www.peperoldan.com\\\/blog\\\/las-canciones-de-nuestra-vida\\\/#primaryimage\"},\"image\":{\"@id\":\"https:\\\/\\\/www.peperoldan.com\\\/blog\\\/las-canciones-de-nuestra-vida\\\/#primaryimage\"},\"thumbnailUrl\":\"\",\"datePublished\":\"2020-06-26T18:56:00+00:00\",\"dateModified\":\"2026-08-22T08:52:48+00:00\",\"description\":\"La m\u00fasica cuando recorro Tenerife: del norte con niebla al sur, del Teide de madrugada al regreso. Una playlist personal, tramo a tramo.\",\"breadcrumb\":{\"@id\":\"https:\\\/\\\/www.peperoldan.com\\\/blog\\\/las-canciones-de-nuestra-vida\\\/#breadcrumb\"},\"inLanguage\":\"es\",\"potentialAction\":[{\"@type\":\"ReadAction\",\"target\":[\"https:\\\/\\\/www.peperoldan.com\\\/blog\\\/las-canciones-de-nuestra-vida\\\/\"]}]},{\"@type\":\"ImageObject\",\"inLanguage\":\"es\",\"@id\":\"https:\\\/\\\/www.peperoldan.com\\\/blog\\\/las-canciones-de-nuestra-vida\\\/#primaryimage\",\"url\":\"\",\"contentUrl\":\"\"},{\"@type\":\"BreadcrumbList\",\"@id\":\"https:\\\/\\\/www.peperoldan.com\\\/blog\\\/las-canciones-de-nuestra-vida\\\/#breadcrumb\",\"itemListElement\":[{\"@type\":\"ListItem\",\"position\":1,\"name\":\"Portada\",\"item\":\"https:\\\/\\\/www.peperoldan.com\\\/blog\\\/\"},{\"@type\":\"ListItem\",\"position\":2,\"name\":\"Las canciones de nuestra vida\"}]},{\"@type\":\"WebSite\",\"@id\":\"https:\\\/\\\/www.peperoldan.com\\\/blog\\\/#website\",\"url\":\"https:\\\/\\\/www.peperoldan.com\\\/blog\\\/\",\"name\":\"El blog de Pepe Rold\u00e1n\",\"description\":\"Turismo | Ventas | Comunicaci\u00f3n\",\"publisher\":{\"@id\":\"https:\\\/\\\/www.peperoldan.com\\\/blog\\\/#\\\/schema\\\/person\\\/55b1e4372795cb86830f43a8d8446085\"},\"potentialAction\":[{\"@type\":\"SearchAction\",\"target\":{\"@type\":\"EntryPoint\",\"urlTemplate\":\"https:\\\/\\\/www.peperoldan.com\\\/blog\\\/?s={search_term_string}\"},\"query-input\":{\"@type\":\"PropertyValueSpecification\",\"valueRequired\":true,\"valueName\":\"search_term_string\"}}],\"inLanguage\":\"es\"},{\"@type\":[\"Person\",\"Organization\"],\"@id\":\"https:\\\/\\\/www.peperoldan.com\\\/blog\\\/#\\\/schema\\\/person\\\/55b1e4372795cb86830f43a8d8446085\",\"name\":\"Pepe Rold\u00e1n\",\"image\":{\"@type\":\"ImageObject\",\"inLanguage\":\"es\",\"@id\":\"https:\\\/\\\/www.peperoldan.com\\\/blog\\\/wp-content\\\/uploads\\\/2024\\\/11\\\/logopeperoldan.png\",\"url\":\"https:\\\/\\\/www.peperoldan.com\\\/blog\\\/wp-content\\\/uploads\\\/2024\\\/11\\\/logopeperoldan.png\",\"contentUrl\":\"https:\\\/\\\/www.peperoldan.com\\\/blog\\\/wp-content\\\/uploads\\\/2024\\\/11\\\/logopeperoldan.png\",\"width\":864,\"height\":864,\"caption\":\"Pepe Rold\u00e1n\"},\"logo\":{\"@id\":\"https:\\\/\\\/www.peperoldan.com\\\/blog\\\/wp-content\\\/uploads\\\/2024\\\/11\\\/logopeperoldan.png\"},\"description\":\"Toda aventura comienza con un s\u00ed. Apasionado por las ventas y la comunicaci\u00f3n, me encuentro inmerso en la b\u00fasqueda de nuevos desaf\u00edos en el sector tur\u00edstico de Tenerife. \u00bfLes gustar\u00eda acompa\u00f1arme en esta emocionante traves\u00eda?\",\"sameAs\":[\"https:\\\/\\\/www.peperoldan.com\\\/blog\"],\"url\":\"https:\\\/\\\/www.peperoldan.com\\\/blog\\\/author\\\/peperoldan\\\/\"}]}<\/script>\n<!-- \/ Yoast SEO plugin. -->","yoast_head_json":{"title":"Las canciones de nuestra vida - El blog de Pepe Rold\u00e1n","description":"La m\u00fasica cuando recorro Tenerife: del norte con niebla al sur, del Teide de madrugada al regreso. Una playlist personal, tramo a tramo.","robots":{"index":"index","follow":"follow","max-snippet":"max-snippet:-1","max-image-preview":"max-image-preview:large","max-video-preview":"max-video-preview:-1"},"canonical":"https:\/\/www.peperoldan.com\/blog\/las-canciones-de-nuestra-vida\/","og_locale":"es_ES","og_type":"article","og_title":"Las canciones de nuestra vida - El blog de Pepe Rold\u00e1n","og_description":"La m\u00fasica cuando recorro Tenerife: del norte con niebla al sur, del Teide de madrugada al regreso. Una playlist personal, tramo a tramo.","og_url":"https:\/\/www.peperoldan.com\/blog\/las-canciones-de-nuestra-vida\/","og_site_name":"El blog de Pepe Rold\u00e1n","article_published_time":"2020-06-26T18:56:00+00:00","article_modified_time":"2026-08-22T08:52:48+00:00","author":"Pepe Rold\u00e1n","twitter_card":"summary_large_image","twitter_misc":{"Escrito por":"Pepe Rold\u00e1n","Tiempo de lectura":"4 minutos"},"schema":{"@context":"https:\/\/schema.org","@graph":[{"@type":"Article","@id":"https:\/\/www.peperoldan.com\/blog\/las-canciones-de-nuestra-vida\/#article","isPartOf":{"@id":"https:\/\/www.peperoldan.com\/blog\/las-canciones-de-nuestra-vida\/"},"author":{"name":"Pepe Rold\u00e1n","@id":"https:\/\/www.peperoldan.com\/blog\/#\/schema\/person\/55b1e4372795cb86830f43a8d8446085"},"headline":"Las canciones de nuestra vida","datePublished":"2020-06-26T18:56:00+00:00","dateModified":"2026-08-22T08:52:48+00:00","mainEntityOfPage":{"@id":"https:\/\/www.peperoldan.com\/blog\/las-canciones-de-nuestra-vida\/"},"wordCount":939,"commentCount":0,"publisher":{"@id":"https:\/\/www.peperoldan.com\/blog\/#\/schema\/person\/55b1e4372795cb86830f43a8d8446085"},"image":{"@id":"https:\/\/www.peperoldan.com\/blog\/las-canciones-de-nuestra-vida\/#primaryimage"},"thumbnailUrl":"","keywords":["Spotify"],"articleSection":["Turismo"],"inLanguage":"es","potentialAction":[{"@type":"CommentAction","name":"Comment","target":["https:\/\/www.peperoldan.com\/blog\/las-canciones-de-nuestra-vida\/#respond"]}]},{"@type":"WebPage","@id":"https:\/\/www.peperoldan.com\/blog\/las-canciones-de-nuestra-vida\/","url":"https:\/\/www.peperoldan.com\/blog\/las-canciones-de-nuestra-vida\/","name":"Las canciones de nuestra vida - El blog de Pepe Rold\u00e1n","isPartOf":{"@id":"https:\/\/www.peperoldan.com\/blog\/#website"},"primaryImageOfPage":{"@id":"https:\/\/www.peperoldan.com\/blog\/las-canciones-de-nuestra-vida\/#primaryimage"},"image":{"@id":"https:\/\/www.peperoldan.com\/blog\/las-canciones-de-nuestra-vida\/#primaryimage"},"thumbnailUrl":"","datePublished":"2020-06-26T18:56:00+00:00","dateModified":"2026-08-22T08:52:48+00:00","description":"La m\u00fasica cuando recorro Tenerife: del norte con niebla al sur, del Teide de madrugada al regreso. Una playlist personal, tramo a tramo.","breadcrumb":{"@id":"https:\/\/www.peperoldan.com\/blog\/las-canciones-de-nuestra-vida\/#breadcrumb"},"inLanguage":"es","potentialAction":[{"@type":"ReadAction","target":["https:\/\/www.peperoldan.com\/blog\/las-canciones-de-nuestra-vida\/"]}]},{"@type":"ImageObject","inLanguage":"es","@id":"https:\/\/www.peperoldan.com\/blog\/las-canciones-de-nuestra-vida\/#primaryimage","url":"","contentUrl":""},{"@type":"BreadcrumbList","@id":"https:\/\/www.peperoldan.com\/blog\/las-canciones-de-nuestra-vida\/#breadcrumb","itemListElement":[{"@type":"ListItem","position":1,"name":"Portada","item":"https:\/\/www.peperoldan.com\/blog\/"},{"@type":"ListItem","position":2,"name":"Las canciones de nuestra vida"}]},{"@type":"WebSite","@id":"https:\/\/www.peperoldan.com\/blog\/#website","url":"https:\/\/www.peperoldan.com\/blog\/","name":"El blog de Pepe Rold\u00e1n","description":"Turismo | Ventas | Comunicaci\u00f3n","publisher":{"@id":"https:\/\/www.peperoldan.com\/blog\/#\/schema\/person\/55b1e4372795cb86830f43a8d8446085"},"potentialAction":[{"@type":"SearchAction","target":{"@type":"EntryPoint","urlTemplate":"https:\/\/www.peperoldan.com\/blog\/?s={search_term_string}"},"query-input":{"@type":"PropertyValueSpecification","valueRequired":true,"valueName":"search_term_string"}}],"inLanguage":"es"},{"@type":["Person","Organization"],"@id":"https:\/\/www.peperoldan.com\/blog\/#\/schema\/person\/55b1e4372795cb86830f43a8d8446085","name":"Pepe Rold\u00e1n","image":{"@type":"ImageObject","inLanguage":"es","@id":"https:\/\/www.peperoldan.com\/blog\/wp-content\/uploads\/2024\/11\/logopeperoldan.png","url":"https:\/\/www.peperoldan.com\/blog\/wp-content\/uploads\/2024\/11\/logopeperoldan.png","contentUrl":"https:\/\/www.peperoldan.com\/blog\/wp-content\/uploads\/2024\/11\/logopeperoldan.png","width":864,"height":864,"caption":"Pepe Rold\u00e1n"},"logo":{"@id":"https:\/\/www.peperoldan.com\/blog\/wp-content\/uploads\/2024\/11\/logopeperoldan.png"},"description":"Toda aventura comienza con un s\u00ed. Apasionado por las ventas y la comunicaci\u00f3n, me encuentro inmerso en la b\u00fasqueda de nuevos desaf\u00edos en el sector tur\u00edstico de Tenerife. \u00bfLes gustar\u00eda acompa\u00f1arme en esta emocionante traves\u00eda?","sameAs":["https:\/\/www.peperoldan.com\/blog"],"url":"https:\/\/www.peperoldan.com\/blog\/author\/peperoldan\/"}]}},"jetpack_publicize_connections":[],"jetpack_sharing_enabled":true,"jetpack_likes_enabled":true,"jetpack_featured_media_url":"","_links":{"self":[{"href":"https:\/\/www.peperoldan.com\/blog\/wp-json\/wp\/v2\/posts\/21535","targetHints":{"allow":["GET"]}}],"collection":[{"href":"https:\/\/www.peperoldan.com\/blog\/wp-json\/wp\/v2\/posts"}],"about":[{"href":"https:\/\/www.peperoldan.com\/blog\/wp-json\/wp\/v2\/types\/post"}],"author":[{"embeddable":true,"href":"https:\/\/www.peperoldan.com\/blog\/wp-json\/wp\/v2\/users\/1"}],"replies":[{"embeddable":true,"href":"https:\/\/www.peperoldan.com\/blog\/wp-json\/wp\/v2\/comments?post=21535"}],"version-history":[{"count":3,"href":"https:\/\/www.peperoldan.com\/blog\/wp-json\/wp\/v2\/posts\/21535\/revisions"}],"predecessor-version":[{"id":24895,"href":"https:\/\/www.peperoldan.com\/blog\/wp-json\/wp\/v2\/posts\/21535\/revisions\/24895"}],"wp:attachment":[{"href":"https:\/\/www.peperoldan.com\/blog\/wp-json\/wp\/v2\/media?parent=21535"}],"wp:term":[{"taxonomy":"category","embeddable":true,"href":"https:\/\/www.peperoldan.com\/blog\/wp-json\/wp\/v2\/categories?post=21535"},{"taxonomy":"post_tag","embeddable":true,"href":"https:\/\/www.peperoldan.com\/blog\/wp-json\/wp\/v2\/tags?post=21535"}],"curies":[{"name":"wp","href":"https:\/\/api.w.org\/{rel}","templated":true}]}}